{"id":511,"date":"2011-09-20T14:08:42","date_gmt":"2011-09-20T14:08:42","guid":{"rendered":"http:\/\/ultimato.com.br\/sites\/taismachado\/?p=511"},"modified":"2011-09-20T17:13:30","modified_gmt":"2011-09-20T17:13:30","slug":"37%c2%aa-semana-de-2011","status":"publish","type":"post","link":"https:\/\/ultimato.com.br\/sites\/taismachado\/2011\/09\/20\/37%c2%aa-semana-de-2011\/","title":{"rendered":"37\u00aa semana de 2011"},"content":{"rendered":"<p>\u201cUma pesquisa realizada pelo Gallup revelou recentemente um recorde de des\u00e2nimo entre os trabalhadores americanos, o que foi traduzido por economistas em n\u00fameros: a falta de engajamento tiraria cerca de R$ 500 bilh\u00f5es da economia, em decorr\u00eancia da perda de produtividade.\u201d<br \/>\nGilberto Dimenstein &#8211; Folha de S.Paulo, 11\/09\/2011<\/p>\n<p>\u201cEssa \u2018epidemia\u2019 de viol\u00eancias \u00e9 assunto s\u00e9rio. [&#8230;] Preconceito, ci\u00fame, intoler\u00e2ncia com diferen\u00e7as, suposta identifica\u00e7\u00e3o com ideais de um grupo, busca da afirma\u00e7\u00e3o da identidade, tudo isso, pode estar tornando essa gera\u00e7\u00e3o mais impulsiva e agressiva do que as anteriores. Preocupante! Sem educa\u00e7\u00e3o, sem limites e sem puni\u00e7\u00e3o adequada, essa onda de viol\u00eancia entre os jovens vai continuar!\u201d<br \/>\nJairo Bouer &#8211; Folha de S.Paulo, 12\/09\/2011<\/p>\n<p>\u201cTemos passado essa li\u00e7\u00f5es aos jovens: ser corajoso \u00e9 ser brig\u00e3o, ser capaz de colocar a sa\u00fade e a vida em risco; o que importa \u00e9 fazer, acontecer e aparecer a qualquer custo; ter \u00eaxito na vida \u00e9 ganhar muito dinheiro, n\u00e3o importa como. Essa li\u00e7\u00f5es convivem com os mais novos diariamente, e os convencem.\u201d<br \/>\nRosely Say\u00e3o &#8211; Folha de S.Paulo, 12\/09\/2011<\/p>\n<p>\u201cUm relat\u00f3rio divulgado ontem pelo ADI (Alzheimer\u2019s Disease International), ligado \u00e0 Organiza\u00e7\u00e3o Mundial da Sa\u00fade, indica que 75% dos portadores da doen\u00e7a n\u00e3o foram diagnosticados. O estudo foi conduzido por cientistas do Instituto de Psiquiatria do King\u2019s College, em Londres. Segundo o ADI, que re\u00fane 76 associa\u00e7\u00f5es dedicadas \u00e0 doen\u00e7a, 36 milh\u00f5es de pessoas convivem com o problema no mundo todo. Os cientistas descobriram que tr\u00eas quartos das pessoas com dem\u00eancia desconhecem a doen\u00e7a. Nos pa\u00edses mais ricos, apenas de 20% a 50% dos casos s\u00e3o reconhecidos e documentados. Nos mais pobres, a propor\u00e7\u00e3o pode chegar a apenas 10%.\u201d<br \/>\nMariana Pastore &#8211; Folha de S.Paulo, 14\/09\/2011<\/p>\n<p>\u201cN\u00e3o \u00e9 f\u00e1cil para nenhum pai ensinar valores a seus filhos, quaisquer que sejam eles. Por mais que repitam o que julgam certo e melhor para seus filhos, se eles n\u00e3o se comportarem de acordo com o que est\u00e3o dizendo, se isso n\u00e3o \u00e9 o que realmente s\u00e3o, n\u00e3o vai adiantar. N\u00e3o adianta um pai dizer que dinheiro n\u00e3o \u00e9 importante se ele troca de carro todo ano e se preocupa com a apar\u00eancia quando encontra os vizinhos. Acredito que os valores de algu\u00e9m precisam estar em linha com o que ele \u00e9. N\u00e3o com o que ele diz. Isso \u00e9 cr\u00edtico para pais preocupados em ensinar valores aos filhos.\u201d<br \/>\nPeter Buffett &#8211; Revista \u00c9poca, 12\/09\/2011<\/p>\n<p>\u201cMeu prop\u00f3sito \u00e9 dominar cora\u00e7\u00f5es e mentes. Incutir em cada um o medo do outro. Medo de lhe estender a m\u00e3o, tocar em cumprimento a pele impregnada de bact\u00e9rias nocivas. Medo de abrir a porta e receber um intruso ansioso por solidariedade e apoio. Com certeza ele quer arrancar-lhe algum dinheiro ou bem. Pior: quer o seu afeto. Evite o sofrimento, tenha medo de amar. [&#8230;] Meu nome \u00e9 medo. Acolha-me em sua vida! Sei que perder\u00e1 a liberdade, a alegria de viver, o prazer de ser feliz. Mas darei a voc\u00ea o que mais anseia: seguran\u00e7a!\u201d<br \/>\nFrei Betto \u2013 Revista Caros Amigos, setembro de 2011<\/p>\n<p>\u201cUma das grandes preocupa\u00e7\u00f5es de qualquer ser pensante por aqui \u00e9 a educa\u00e7\u00e3o. Fala-se muito, grita-se, escreve-se, haja teorias e reclama\u00e7\u00f5es. A\u00e7\u00e3o? Muito pouca, que eu perceba. Os males foram-se acumulando de tal jeito que \u00e9 dif\u00edcil reorganizar o caos. [&#8230;] Grande contingente de jovens chega \u00e0s universidades sem saber redigir um texto simples, pois n\u00e3o sabem pensar, muito menos expressar-se por escrito. Parafraseando um especialista, estamos produzindo estudantes analfabetos.\u201d<br \/>\nLya Luft \u2013 Revista Veja, 14\/09\/2011<\/p>\n<p>\u201cUm em cada quatro brasileiros est\u00e1 disposto a abrir a carteira e abusar do cart\u00e3o de cr\u00e9dito. Pesquisa do Boston Consulting Group, com 650 consumidores das grandes capitais do pa\u00eds, mostra que o grupo dos esbanjadores crescem de 7% para 26% nos \u00faltimos dois anos. Tomaram espa\u00e7o dos muquiranas, cuja participa\u00e7\u00e3o na amostra caiu de 59% para 25%. N\u00e3o est\u00e3o nem a\u00ed para a crise&#8230;\u201d<br \/>\nRevista \u00c9poca Neg\u00f3cios, setembro de 2011<\/p>\n","protected":false},"excerpt":{"rendered":"<p>\u201cUma pesquisa realizada pelo Gallup revelou recentemente um recorde de des\u00e2nimo entre os trabalhadores americanos, o que foi traduzido por economistas em n\u00fameros: a falta de engajamento tiraria cerca de R$ 500 bilh\u00f5es da economia, em decorr\u00eancia da perda de produtividade.\u201d Gilberto Dimenstein &#8211; Folha de S.Paulo, 11\/09\/2011 \u201cEssa \u2018epidemia\u2019 de viol\u00eancias \u00e9 assunto s\u00e9rio. [&hellip;]<\/p>\n","protected":false},"author":14,"featured_media":0,"comment_status":"open","ping_status":"open","sticky":false,"template":"","format":"standard","meta":{"ngg_post_thumbnail":0,"footnotes":""},"categories":[4778],"tags":[5472,131,157,5826,8400,6062],"class_list":["post-511","post","type-post","status-publish","format-standard","hentry","category-contando-os-dias","tag-economia","tag-educacao","tag-juventude","tag-pais","tag-saude","tag-trabalho","count-0","even alt","author-taismachado","last"],"_links":{"self":[{"href":"https:\/\/ultimato.com.br\/sites\/taismachado\/wp-json\/wp\/v2\/posts\/511","targetHints":{"allow":["GET"]}}],"collection":[{"href":"https:\/\/ultimato.com.br\/sites\/taismachado\/wp-json\/wp\/v2\/posts"}],"about":[{"href":"https:\/\/ultimato.com.br\/sites\/taismachado\/wp-json\/wp\/v2\/types\/post"}],"author":[{"embeddable":true,"href":"https:\/\/ultimato.com.br\/sites\/taismachado\/wp-json\/wp\/v2\/users\/14"}],"replies":[{"embeddable":true,"href":"https:\/\/ultimato.com.br\/sites\/taismachado\/wp-json\/wp\/v2\/comments?post=511"}],"version-history":[{"count":1,"href":"https:\/\/ultimato.com.br\/sites\/taismachado\/wp-json\/wp\/v2\/posts\/511\/revisions"}],"predecessor-version":[{"id":512,"href":"https:\/\/ultimato.com.br\/sites\/taismachado\/wp-json\/wp\/v2\/posts\/511\/revisions\/512"}],"wp:attachment":[{"href":"https:\/\/ultimato.com.br\/sites\/taismachado\/wp-json\/wp\/v2\/media?parent=511"}],"wp:term":[{"taxonomy":"category","embeddable":true,"href":"https:\/\/ultimato.com.br\/sites\/taismachado\/wp-json\/wp\/v2\/categories?post=511"},{"taxonomy":"post_tag","embeddable":true,"href":"https:\/\/ultimato.com.br\/sites\/taismachado\/wp-json\/wp\/v2\/tags?post=511"}],"curies":[{"name":"wp","href":"https:\/\/api.w.org\/{rel}","templated":true}]}}