{"id":509,"date":"2011-09-19T09:15:45","date_gmt":"2011-09-19T09:15:45","guid":{"rendered":"http:\/\/ultimato.com.br\/sites\/taismachado\/?p=509"},"modified":"2011-09-19T13:19:46","modified_gmt":"2011-09-19T13:19:46","slug":"36%c2%aa-semana-de-2011","status":"publish","type":"post","link":"https:\/\/ultimato.com.br\/sites\/taismachado\/2011\/09\/19\/36%c2%aa-semana-de-2011\/","title":{"rendered":"36\u00aa semana de 2011"},"content":{"rendered":"<p>\u201cEmpreendedor \u00e9, em s\u00edntese, quem transforma o problema numa solu\u00e7\u00e3o. O maior desperd\u00edcio de uma na\u00e7\u00e3o \u00e9 o desperd\u00edcio de talentos &#8211; e essa pode ser uma medida para comemorar ou n\u00e3o a independ\u00eancia de uma na\u00e7\u00e3o.\u201d<br \/>\nGilberto Dimenstein &#8211; Folha de S.Paulo, 04\/09\/2011<\/p>\n<p>\u201cO presidente internacional da ONG M\u00e9dicos Sem Fronteiras (MSF), Unni Karunakara, pediu que as ag\u00eancias humanit\u00e1rias parem de tra\u00e7ar um retrato da fome na Som\u00e1lia que induz ao erro e que reconhe\u00e7am que \u00e9 quase imposs\u00edvel ajudar as pessoas mais afetadas pelo problema.  Segundo Karunakara, praticamente nenhuma ag\u00eancia est\u00e1 conseguindo trabalhar no interior da Som\u00e1lia, pa\u00eds em guerra, onde a situa\u00e7\u00e3o \u00e9 \u2018profundamente aflitiva\u2019. [&#8230;] Tentar ter acesso \u00e0s pessoas que est\u00e3o no epicentro do desastre vem sendo um esfor\u00e7o lento e dif\u00edcil.  O uso de frases como \u2018a fome no Chifre da \u00c1frica\u2019 ou \u2018a pior seca em 60 anos\u2019, segundo o m\u00e9dico, ocultam os fatores \u2018criados pelo homem\u2019 que geraram a crise no pa\u00eds. [&#8230;] \u2018O povo somali vive h\u00e1 20 anos em um pa\u00eds em guerra, sem governo, enfrentando longos per\u00edodos de car\u00eancia, fome e seca\u2019, explica Karunakara. \u2018A fal\u00eancia desta [\u00faltima] colheita foi apenas a gota d&#8217;\u00e1gua que o empurrou pelo abismo desta vez\u2019. [&#8230;] Iam Bray, porta-voz da ONG Oxfam, disse: \u2018Uma seca \u00e9 uma ocorr\u00eancia natural; uma fome generalizada \u00e9 causada pelo homem\u2019.\u201d<br \/>\nTracy McVeigh &#8211; Folha de S.Paulo, 05\/09\/2011<\/p>\n<p>\u201cEste \u00e9, entre muitas coisas, o s\u00e9culo da imagem. Elas circulam na velocidade do instant\u00e2neo e s\u00e3o parte cada vez mais dominante de nossa comunica\u00e7\u00e3o. Quem cria as imagens certas (com uma boa trilha sonora) encontra seu p\u00fablico. Mas sabedoria est\u00e9tica n\u00e3o \u00e9 virtude exclusiva do bem.\u201d<br \/>\nNizan Guanaes &#8211; Folha de S.Paulo, 06\/09\/2011<\/p>\n<p>\u201cH\u00e1 tempos, as pesquisas em intelig\u00eancia artificial procuram criar um computador que tenha a complexidade de um c\u00e9rebro humano. Bem, certos setores do debate nacional de ideias conseguiram o inverso: criar c\u00e9rebros que parecem mimetizar as restri\u00e7\u00f5es de um computador. Pois eles s\u00e3o como hardwares que suportam apenas um pensamento bin\u00e1rio, onde tudo \u00e9 organizado a partir de &#8220;zero&#8221; e \u2018um\u2019. [&#8230;] Jean-Paul Sartre costumava dizer que o verdadeiro pensamento pensa contra si mesmo. Este \u00e9, por sinal, um bom ponto de partida para se orientar em discuss\u00f5es: nunca levar a s\u00e9rio algu\u00e9m incapaz de pensar contra si mesmo, incapaz de problematizar suas pr\u00f3prias certezas devido \u00e0 redu\u00e7\u00e3o dos argumentos opostos a reles caricatura. Afinal, se estamos no reino do pensamento bin\u00e1rio, ent\u00e3o s\u00f3 posso estar absolutamente certo e o outro, ridiculamente errado. Da\u00ed porque a \u00fanica coisa a fazer \u00e9 apresentar o outro sob os tra\u00e7os do sarcasmo e da redu\u00e7\u00e3o ir\u00f4nica. Mostrar que, por tr\u00e1s de seus pretensos argumentos, h\u00e1 apenas desvio moral e sede de poder. Isso quando a desqualifica\u00e7\u00e3o n\u00e3o passa pela simples tentativa de infantiliz\u00e1-lo. Alguns chamam isso de &#8220;debate&#8221;. Eu n\u00e3o chegaria a tanto. Infelizmente, tal pensamento bin\u00e1rio tem cadeira cativa nas discuss\u00f5es pol\u00edticas.\u201d<br \/>\nVladimir Safatle &#8211; Folha de S.Paulo, 06\/09\/2011<\/p>\n<p>\u201cO Brasil est\u00e1 ficando velho antes de ficar rico. Os gastos previdenci\u00e1rios superam os de na\u00e7\u00f5es desenvolvidas. Se o sistema n\u00e3o passar por reformas, nossos filhos e netos pagar\u00e3o uma grav\u00edssima conta.\u201d<br \/>\nMa\u00edlson da N\u00f3brega \u2013 Revista Veja \u2013 07\/09\/2011<\/p>\n<p>\u201cSe n\u00e3o querem entender, paci\u00eancia. Eu n\u00e3o vou mudar. At\u00e9 poderia mudar \u2013 mas da\u00ed teria de deixar de fazer filmes e passar a vida me ocupando s\u00f3 disso, de tentar ser outra pessoa. Vou citar Marilyn Monroe: se voc\u00ea n\u00e3o aguenta o meu pior, n\u00e3o merece o meu melhor.\u201d<br \/>\nLars von Trier &#8211; Revista Veja \u2013 07\/09\/2011<\/p>\n<p>\u201cNilton Bonder est\u00e1, para o juda\u00edsmo, como o padre Marcelo Rossi para o mundo crist\u00e3o. Aos 53, \u00e9 o rabino mais popular do pa\u00eds. Ele diz que, tanto na ci\u00eancia quanto na religi\u00e3o, h\u00e1 uma dimens\u00e3o que o mundo cartesiano n\u00e3o tem capacidade para explicar. \u2018O que a ci\u00eancia chama de acaso n\u00f3s, no juda\u00edsmo, denominamos oculto.\u2019 Completa: \u2018Equacionar os problemas dentro do que se consegue compreender n\u00e3o \u00e9 suficiente. Eles t\u00eam que ser resolvidos atrav\u00e9s do oculto tamb\u00e9m, da intui\u00e7\u00e3o, daquilo que n\u00e3o tem simetria\u2019.\u201d<br \/>\nRoberto Kaz &#8211; Folha de S.Paulo, 08\/09\/2011<\/p>\n<p>\u201cH\u00e1bitos saud\u00e1veis poderiam evitar 2,8 milh\u00f5es de casos de c\u00e2ncer por ano, segundo dados divulgados ontem pelo WCRF (World Cancer Research Fund, fundo mundial de pesquisa sobre c\u00e2ncer). O n\u00famero global de tumores aumentou 20% na \u00faltima d\u00e9cada. Agora, s\u00e3o 12 milh\u00f5es de novos casos por ano.\u201d<br \/>\n Folha de S.Paulo, 08\/09\/2011<\/p>\n<p>\u201cNuma entrevista a Vanessa Correa durante o 1\u00ba Congresso Internacional de Habita\u00e7\u00e3o e Urbanismo, realizado em S\u00e3o Paulo, o arquiteto Alexandros Washburn, diretor de desenho urbano da Prefeitura de Nova York, falou da import\u00e2ncia de ser, ora, veja, pedestre na metr\u00f3pole por excel\u00eancia. \u2018Caminhar \u00e9 a atividade mais importante na cidade\u2019, ele disse. \u2018Tanto pelo lado cultural, como pela sustentabilidade. (&#8230;) \u00c9 por isso que Nova York \u00e9 uma cidade vibrante. (&#8230;) O espa\u00e7o p\u00fablico \u00e9 importante para construir confian\u00e7a entre as pessoas de todas as classes e etnias. (&#8230;) Quando toma a decis\u00e3o de colocar o pedestre em primeiro lugar, voc\u00ea adota um ponto de vista. Voc\u00ea v\u00ea os problemas atrav\u00e9s dos olhos de um cidad\u00e3o caminhando pela rua\u2019.\u201d<br \/>\nRuy Castro &#8211; Folha de S.Paulo, 09\/09\/2011<\/p>\n","protected":false},"excerpt":{"rendered":"<p>\u201cEmpreendedor \u00e9, em s\u00edntese, quem transforma o problema numa solu\u00e7\u00e3o. O maior desperd\u00edcio de uma na\u00e7\u00e3o \u00e9 o desperd\u00edcio de talentos &#8211; e essa pode ser uma medida para comemorar ou n\u00e3o a independ\u00eancia de uma na\u00e7\u00e3o.\u201d Gilberto Dimenstein &#8211; Folha de S.Paulo, 04\/09\/2011 \u201cO presidente internacional da ONG M\u00e9dicos Sem Fronteiras (MSF), Unni Karunakara, [&hellip;]<\/p>\n","protected":false},"author":14,"featured_media":0,"comment_status":"open","ping_status":"open","sticky":false,"template":"","format":"standard","meta":{"ngg_post_thumbnail":0,"footnotes":""},"categories":[4778],"tags":[8478,8422,8400,7642,8381],"class_list":["post-509","post","type-post","status-publish","format-standard","hentry","category-contando-os-dias","tag-desigualdade-social","tag-empreendedor","tag-saude","tag-sociedade","tag-sustentabilidade","count-0","even alt","author-taismachado","last"],"_links":{"self":[{"href":"https:\/\/ultimato.com.br\/sites\/taismachado\/wp-json\/wp\/v2\/posts\/509","targetHints":{"allow":["GET"]}}],"collection":[{"href":"https:\/\/ultimato.com.br\/sites\/taismachado\/wp-json\/wp\/v2\/posts"}],"about":[{"href":"https:\/\/ultimato.com.br\/sites\/taismachado\/wp-json\/wp\/v2\/types\/post"}],"author":[{"embeddable":true,"href":"https:\/\/ultimato.com.br\/sites\/taismachado\/wp-json\/wp\/v2\/users\/14"}],"replies":[{"embeddable":true,"href":"https:\/\/ultimato.com.br\/sites\/taismachado\/wp-json\/wp\/v2\/comments?post=509"}],"version-history":[{"count":1,"href":"https:\/\/ultimato.com.br\/sites\/taismachado\/wp-json\/wp\/v2\/posts\/509\/revisions"}],"predecessor-version":[{"id":510,"href":"https:\/\/ultimato.com.br\/sites\/taismachado\/wp-json\/wp\/v2\/posts\/509\/revisions\/510"}],"wp:attachment":[{"href":"https:\/\/ultimato.com.br\/sites\/taismachado\/wp-json\/wp\/v2\/media?parent=509"}],"wp:term":[{"taxonomy":"category","embeddable":true,"href":"https:\/\/ultimato.com.br\/sites\/taismachado\/wp-json\/wp\/v2\/categories?post=509"},{"taxonomy":"post_tag","embeddable":true,"href":"https:\/\/ultimato.com.br\/sites\/taismachado\/wp-json\/wp\/v2\/tags?post=509"}],"curies":[{"name":"wp","href":"https:\/\/api.w.org\/{rel}","templated":true}]}}