{"id":507,"date":"2011-09-05T09:05:47","date_gmt":"2011-09-05T09:05:47","guid":{"rendered":"http:\/\/ultimato.com.br\/sites\/taismachado\/?p=507"},"modified":"2011-09-05T12:09:04","modified_gmt":"2011-09-05T12:09:04","slug":"35%c2%aa-semana-de-2011","status":"publish","type":"post","link":"https:\/\/ultimato.com.br\/sites\/taismachado\/2011\/09\/05\/35%c2%aa-semana-de-2011\/","title":{"rendered":"35\u00aa semana de 2011"},"content":{"rendered":"<p>\u201cNa nossa \u00e9poca, as &#8220;futilidades&#8221; s\u00e3o, no m\u00ednimo, t\u00e3o relevantes e t\u00e3o necess\u00e1rias quanto era o p\u00e3o em 1789. [&#8230;] \u2018Quem somos\u2019 depende de como conduzimos nossa vida e (indissociavelmente) de como ela \u00e9 avaliada pelos outros. Para obter o reconhecimento de nossos semelhantes (sem o qual n\u00e3o somos nada), os objetos que nos circundam ajudam mais do que a barriga cheia; eles t\u00eam uma fun\u00e7\u00e3o parecida com a dos paramentos das antigas castas: declaram e mostram nosso status -se somos antenados, pop, fashion, sem no\u00e7\u00e3o, ricos, pobres ou emergentes, cultos ou iletrados.\u201d<br \/>\nContardo Calligaris &#8211; Folha de S.Paulo, 01\/09\/2011<\/p>\n<p>\u201cO n\u00famero de adolescentes infratores com idade entre 12 e 14 anos internados na Funda\u00e7\u00e3o Casa (antiga Febem) cresceu 18% de agosto do ano passado para c\u00e1, segundos dados oficiais. Em um ano, a popula\u00e7\u00e3o de menores dessa faixa et\u00e1ria que cumprem medida socioeducativa em unidades de interna\u00e7\u00e3o da Funda\u00e7\u00e3o Casa saltou de 484 para 572. Nesse per\u00edodo, o total de jovens infratores internados no Estado subiu de 7.058 para 8.220, um salto de 16%. Ainda de acordo com os dados, a maior parte dos adolescentes de 12 a 14 anos internados se envolveu em atos infracionais sob a suspeita de tr\u00e1fico de drogas, roubo qualificado e furto. Para o presidente da Comiss\u00e3o Infantojuvenil da OAB-SP (Ordem dos Advogados do Brasil), Ricardo de Moraes Cavezon, o aspecto familiar \u00e9 um dos principais fatores que contribuem para o envolvimento de adolescentes com o crime. \u2018Muitos desses jovens est\u00e3o em situa\u00e7\u00e3o de abandono pelo pai e pela m\u00e3e\u2019.\u201d<br \/>\nL\u00e9o Arcoverde &#8211; Folha de S.Paulo, 02\/09\/2011<\/p>\n<p>\u201cSteve Jobs disse que melhor do que ter novas ideias \u00e9 matar as antigas. \u00c9 imposs\u00edvel administrar um grande fluxo de ideias. \u00c9 preciso descartar aquelas que n\u00e3o servem ou n\u00e3o ser\u00e3o aproveitadas. De que adianta guardar os projetos se n\u00e3o for us\u00e1-los? Fuja deles. S\u00f3 tomam tempo, aten\u00e7\u00e3o e desaceleram sua produtividade.\u201d<br \/>\nBill Fischer, professor de inova\u00e7\u00e3o (da escola su\u00ed\u00e7a de neg\u00f3cios IMD) &#8211; Revista \u00c9poca Neg\u00f3cios, agosto de 2011<\/p>\n<p>\u201cO segredo \u00e9 dar ra\u00edzes e asas. Asas para que o outro seja livre para dar suas voltas e ra\u00edzes para que ele tenha estrutura, estabilidade e saiba bem o seu lugar no mundo. Essa \u00e9 a melhor coisa que voc\u00ea pode dar para o seu filho, para o seu parceiro e para voc\u00ea mesma. Se n\u00e3o formos capazes, numa rela\u00e7\u00e3o, de motivarmos um ao outro a chama apaga.\u201d<br \/>\nBruna Lombardi, 58, atriz \u2013 Revista Marie Claire, agosto de 2011<\/p>\n<p>\u201cA dificuldade de p\u00f4r limites que muitos pais sentem vem da culpa pela falta de tempo de se dedicar aos filhos. Eles acabam sendo permiss\u00edveis, na tentativa de compensar o incompens\u00e1vel. E, em alguns casos, acabam distorcendo a rela\u00e7\u00e3o em que o ter afeto \u00e9 substituto por ter presentes. O atendimento ilimitado aos desejos do filho e a incapacidade de manter firme a proibi\u00e7\u00e3o cria distor\u00e7\u00e3o no relacionamento pais e filho, principalmente no aspecto do dar e receber.\u201d<br \/>\nRosa Lang &#8211; Revista Psique, agosto de 2011<\/p>\n<p>\u201cTodo aquele que faz apologia \u00e0 sustentabilidade sem mencionar os interesses econ\u00f4micos que mobilizam esse tema \u00e9 ing\u00eanuo e alienado em seu pr\u00f3prio discurso. Ou hip\u00f3critas que se utilizam da como\u00e7\u00e3o de trag\u00e9dias ecol\u00f3gicas e sociais para vender uma imagem respons\u00e1vel, mais preocupados em ditar novos h\u00e1bitos de consumo do que evit\u00e1-los para o bem do ecossistema.&#8221;<br \/>\nArthur Meucci \u2013 Revista Filosofia, agosto de 2011<\/p>\n<p>\u201cO maior patrim\u00f4nio a ser preservado hoje no mundo \u00e9 o jovem. Precisamos oferecer educa\u00e7\u00e3o de qualidade, envolv\u00ea-lo com esportes, afast\u00e1-lo das drogas.\u201d<br \/>\nNizan Guanaes \u2013 Harvard Business Review, agosto de 2011<\/p>\n<p>\u201cBasta olhar em volta para perceber a deteriora\u00e7\u00e3o \u00e9tica da sociedade: o presidente galardeado com o Nobel da Paz promove guerras; crian\u00e7as praticam bullying nas escolas; estudantes agridem e at\u00e9 assassinam professores; pol\u00edticos se apropriam descaradamente de recursos p\u00fablicos; produ\u00e7\u00f5es de entretenimento para cinema e TV banalizam o sexo e a viol\u00eancia. [&#8230;] O fundamento da \u00e9tica \u00e9 o amor.\u201d<br \/>\nFrei Betto, Revista Caros Amigos \u2013 agosto de 2011<\/p>\n<p>\u201c\u00c0s vezes, esquecemos que as prioridades decididas no bolso exprimem os valores, os sonhos que temos e as dificuldades que encontramos para atingir nossos objetivos. [&#8230;] Mas nem sempre temos consci\u00eancia daquilo que estamos valorizando e das escolhas que temos feito.\u201d<br \/>\nAin\u00e1 Vieira \u2013 Revista Vida Simples, agosto de 2011<\/p>\n","protected":false},"excerpt":{"rendered":"<p>\u201cNa nossa \u00e9poca, as &#8220;futilidades&#8221; s\u00e3o, no m\u00ednimo, t\u00e3o relevantes e t\u00e3o necess\u00e1rias quanto era o p\u00e3o em 1789. [&#8230;] \u2018Quem somos\u2019 depende de como conduzimos nossa vida e (indissociavelmente) de como ela \u00e9 avaliada pelos outros. Para obter o reconhecimento de nossos semelhantes (sem o qual n\u00e3o somos nada), os objetos que nos circundam [&hellip;]<\/p>\n","protected":false},"author":14,"featured_media":0,"comment_status":"open","ping_status":"open","sticky":false,"template":"","format":"standard","meta":{"ngg_post_thumbnail":0,"footnotes":""},"categories":[4778],"tags":[5175,10172,165,7642],"class_list":["post-507","post","type-post","status-publish","format-standard","hentry","category-contando-os-dias","tag-adolescentes","tag-corrupcao","tag-meio-ambiente","tag-sociedade","count-0","even alt","author-taismachado","last"],"_links":{"self":[{"href":"https:\/\/ultimato.com.br\/sites\/taismachado\/wp-json\/wp\/v2\/posts\/507","targetHints":{"allow":["GET"]}}],"collection":[{"href":"https:\/\/ultimato.com.br\/sites\/taismachado\/wp-json\/wp\/v2\/posts"}],"about":[{"href":"https:\/\/ultimato.com.br\/sites\/taismachado\/wp-json\/wp\/v2\/types\/post"}],"author":[{"embeddable":true,"href":"https:\/\/ultimato.com.br\/sites\/taismachado\/wp-json\/wp\/v2\/users\/14"}],"replies":[{"embeddable":true,"href":"https:\/\/ultimato.com.br\/sites\/taismachado\/wp-json\/wp\/v2\/comments?post=507"}],"version-history":[{"count":1,"href":"https:\/\/ultimato.com.br\/sites\/taismachado\/wp-json\/wp\/v2\/posts\/507\/revisions"}],"predecessor-version":[{"id":508,"href":"https:\/\/ultimato.com.br\/sites\/taismachado\/wp-json\/wp\/v2\/posts\/507\/revisions\/508"}],"wp:attachment":[{"href":"https:\/\/ultimato.com.br\/sites\/taismachado\/wp-json\/wp\/v2\/media?parent=507"}],"wp:term":[{"taxonomy":"category","embeddable":true,"href":"https:\/\/ultimato.com.br\/sites\/taismachado\/wp-json\/wp\/v2\/categories?post=507"},{"taxonomy":"post_tag","embeddable":true,"href":"https:\/\/ultimato.com.br\/sites\/taismachado\/wp-json\/wp\/v2\/tags?post=507"}],"curies":[{"name":"wp","href":"https:\/\/api.w.org\/{rel}","templated":true}]}}