{"id":505,"date":"2011-08-29T20:56:51","date_gmt":"2011-08-29T20:56:51","guid":{"rendered":"http:\/\/ultimato.com.br\/sites\/taismachado\/?p=505"},"modified":"2011-08-30T01:00:17","modified_gmt":"2011-08-30T01:00:17","slug":"34%c2%aa-semana-de-2011","status":"publish","type":"post","link":"https:\/\/ultimato.com.br\/sites\/taismachado\/2011\/08\/29\/34%c2%aa-semana-de-2011\/","title":{"rendered":"34\u00aa semana de 2011"},"content":{"rendered":"<p>\u201cN\u00e3o h\u00e1 risco de o drag\u00e3o pol\u00edtico devorar o le\u00e3o econ\u00f4mico? Na era das incertezas, tal risco \u00e9 poss\u00edvel. E as dist\u00e2ncias entre o Bem e o Mal s\u00e3o curtas. O \u00e9den fica ao lado do inferno.\u201d<br \/>\nGaud\u00eancio Torquato &#8211; O Estado de S. Paulo, 21\/08\/2011<\/p>\n<p>\u201cAlgumas pessoas parecem achar que \u00e9 melhor fingir que est\u00e3o limpando do que impedir que sujem.\u201d<br \/>\nDaniel Piza &#8211; O Estado de S. Paulo, 21\/08\/2011<\/p>\n<p>\u201cAs empresas nucleares preferem privatizar benef\u00edcios e socializar preju\u00edzos, no caso, perigos.\u201d<br \/>\nAlfredo Bosi &#8211; Folha de S.Paulo, 21\/08\/2011<\/p>\n<p>\u201cTemos recrutado profissionais que n\u00e3o est\u00e3o interessados somente numa r\u00e1pida progress\u00e3o de carreira, mas que est\u00e3o mais abertos \u00e0 aprendizagem, s\u00e3o menos arrogantes e t\u00eam foco maior nos resultados que a companhia busca.\u201d<br \/>\nDenise Asnis &#8211; Revista Exame, 24\/08\/2011<\/p>\n<p>\u201cA quest\u00e3o da escassez de talento \u00e9 identificada como grande gargalo para o crescimento das empresas: teme-se n\u00e3o ter quadros com compet\u00eancias suficientes para viabilizar planos de expans\u00e3o. Al\u00e9m disso, em mercados de trabalho aquecidos como o brasileiro, a rotatividade \u00e9 alta, torna inst\u00e1veis os quadros e dificulta a gest\u00e3o.\u201d<br \/>\nThomaz Woord Jr. \u2013 Carta Capital, 24\/08\/2011<\/p>\n<p>\u201cPa\u00eds desenvolvido \u00e9 tamb\u00e9m pa\u00eds pac\u00edfico, que respeita seus cidad\u00e3os e cidad\u00e3s, como destaca a campanha Mulheres e Direitos, realizada no \u00e2mbito das Na\u00e7\u00f5es Unidas em parceria com diversas entidades, dentre as quais o Instituto Maria da Penha.<br \/>\nPara que uma lei t\u00e3o importante como essa seja realmente cumprida, o poder p\u00fablico deve atuar em harmonia. N\u00e3o basta apenas existir, ela precisa ser plena e corretamente aplicada em todos os locais do nosso pa\u00eds. Por um pa\u00eds menos violento e mais respeitoso com suas mulheres, fica aqui o nosso apelo: Lei Maria da Penha &#8211; cumpra-se!\u201d<br \/>\nJandira Feghali e Maria da Penha &#8211; Folha de S.Paulo, 21\/08\/2011<\/p>\n<p>\u201cNas antologias escolares de antigamente havia sempre um pequeno poema de Fagundes Varela que toda uma gera\u00e7\u00e3o decorava. O poeta perguntava qual era a mais forte, a mais letal das armas e respondia: a l\u00edngua humana. Nem mesmo com o arsenal nuclear de hoje a l\u00edngua perdeu a &#8220;pole position&#8221; na escala da destrui\u00e7\u00e3o de que \u00e9 capaz. Tudo come\u00e7a l\u00e1 atr\u00e1s. Se dermos cr\u00e9dito \u00e0 f\u00e1bula b\u00edblica, foi a l\u00edngua da serpente que expulsou Ad\u00e3o e Eva do \u00c9den, donde podemos concluir que, se a serpente n\u00e3o tivesse l\u00edngua, ainda hoje estar\u00edamos no para\u00edso terrestre. A tecnologia ampliou a malignidade da l\u00edngua, tudo se pode fazer com ou por meio dela. [&#8230;] Isso sem falar na l\u00edngua de economistas, pol\u00edticos, formadores de opini\u00e3o, t\u00e9cnicos de futebol e, naturalmente, todos os tiranos que, periodicamente, ajudam a desgra\u00e7ar a humanidade.\u201d<br \/>\nCarlos Heitor Cony &#8211; Folha de S.Paulo, 25\/08\/2011<\/p>\n<p>\u201cCr\u00edticos alegam que uma cultura da corrup\u00e7\u00e3o \u00e9 onipresente no Brasil. Mas tamb\u00e9m devemos colocar a situa\u00e7\u00e3o em perspectiva. Como o pa\u00eds se compara, por exemplo, com outros grandes pa\u00edses em desenvolvimento -R\u00fassia, \u00cdndia, China e \u00c1frica do Sul?<br \/>\nA Transpar\u00eancia Internacional publicou um \u00edndice de percep\u00e7\u00e3o de corrup\u00e7\u00e3o em 2010, em que o Brasil ocupa o 69\u00ba lugar entre 178 pa\u00edses pesquisados. Est\u00e1 melhor que a China, que vem em 78\u00ba; a \u00cdndia, em 87\u00ba; e muito adiante da R\u00fassia, em 157\u00ba. A \u00c1frica do Sul est\u00e1 em 50\u00ba. [&#8230;] A Transpar\u00eancia Internacional criou um &#8220;corrupt\u00f4metro&#8221;. Nele, dez representa &#8220;corrup\u00e7\u00e3o zero&#8221; e zero representa &#8220;completamente corrupto&#8221;. O Brasil tem nota 3,7 nesse indicador, ante 2,1 para a R\u00fassia, 3,3 para a \u00cdndia e 3,5 para a China. Dinamarca e Nova Zel\u00e2ndia lideram com 9,3.\u201d<br \/>\nKenneth Maxwell &#8211; Folha de S.Paulo, 25\/08\/2011<\/p>\n<p>\u201cO pa\u00eds \u00e9 muito desigual, as crian\u00e7as mais pobres recebem uma educa\u00e7\u00e3o de p\u00e9ssima qualidade e mesmo entre os mais ricos h\u00e1 raz\u00f5es para preocupa\u00e7\u00e3o. Sabemos tamb\u00e9m que essa situa\u00e7\u00e3o j\u00e1 foi pior. Mas, diante da trag\u00e9dia dispon\u00edvel, seria c\u00ednico demais dizer que isso serve de alento.\u201d<br \/>\nFernando de Barros e Silva &#8211; Folha de S.Paulo, 27\/08\/2011<\/p>\n<p>\u201cAcho que estamos lentamente caminhando para um tipo de comunismo da informa\u00e7\u00e3o e do conhecimento. Mas acho que dever\u00edamos acompanhar de perto as contribui\u00e7\u00f5es culturais das pessoas e recompens\u00e1-las por isso, com dinheiro ou reputa\u00e7\u00e3o.\u201d<br \/>\nPierre L\u00e9vy &#8211; Revista Cult, agosto de 2011<\/p>\n","protected":false},"excerpt":{"rendered":"<p>\u201cN\u00e3o h\u00e1 risco de o drag\u00e3o pol\u00edtico devorar o le\u00e3o econ\u00f4mico? Na era das incertezas, tal risco \u00e9 poss\u00edvel. E as dist\u00e2ncias entre o Bem e o Mal s\u00e3o curtas. O \u00e9den fica ao lado do inferno.\u201d Gaud\u00eancio Torquato &#8211; O Estado de S. Paulo, 21\/08\/2011 \u201cAlgumas pessoas parecem achar que \u00e9 melhor fingir que [&hellip;]<\/p>\n","protected":false},"author":14,"featured_media":0,"comment_status":"open","ping_status":"open","sticky":false,"template":"","format":"standard","meta":{"ngg_post_thumbnail":0,"footnotes":""},"categories":[4778],"tags":[131,7601,7611,165,5780,8442],"class_list":["post-505","post","type-post","status-publish","format-standard","hentry","category-contando-os-dias","tag-educacao","tag-humanidade","tag-infancia","tag-meio-ambiente","tag-mulheres","tag-vida-digital","count-0","even alt","author-taismachado","last"],"_links":{"self":[{"href":"https:\/\/ultimato.com.br\/sites\/taismachado\/wp-json\/wp\/v2\/posts\/505","targetHints":{"allow":["GET"]}}],"collection":[{"href":"https:\/\/ultimato.com.br\/sites\/taismachado\/wp-json\/wp\/v2\/posts"}],"about":[{"href":"https:\/\/ultimato.com.br\/sites\/taismachado\/wp-json\/wp\/v2\/types\/post"}],"author":[{"embeddable":true,"href":"https:\/\/ultimato.com.br\/sites\/taismachado\/wp-json\/wp\/v2\/users\/14"}],"replies":[{"embeddable":true,"href":"https:\/\/ultimato.com.br\/sites\/taismachado\/wp-json\/wp\/v2\/comments?post=505"}],"version-history":[{"count":1,"href":"https:\/\/ultimato.com.br\/sites\/taismachado\/wp-json\/wp\/v2\/posts\/505\/revisions"}],"predecessor-version":[{"id":506,"href":"https:\/\/ultimato.com.br\/sites\/taismachado\/wp-json\/wp\/v2\/posts\/505\/revisions\/506"}],"wp:attachment":[{"href":"https:\/\/ultimato.com.br\/sites\/taismachado\/wp-json\/wp\/v2\/media?parent=505"}],"wp:term":[{"taxonomy":"category","embeddable":true,"href":"https:\/\/ultimato.com.br\/sites\/taismachado\/wp-json\/wp\/v2\/categories?post=505"},{"taxonomy":"post_tag","embeddable":true,"href":"https:\/\/ultimato.com.br\/sites\/taismachado\/wp-json\/wp\/v2\/tags?post=505"}],"curies":[{"name":"wp","href":"https:\/\/api.w.org\/{rel}","templated":true}]}}