{"id":503,"date":"2011-08-23T15:12:59","date_gmt":"2011-08-23T15:12:59","guid":{"rendered":"http:\/\/ultimato.com.br\/sites\/taismachado\/?p=503"},"modified":"2011-08-23T19:16:10","modified_gmt":"2011-08-23T19:16:10","slug":"33%c2%aa-semana-de-2011","status":"publish","type":"post","link":"https:\/\/ultimato.com.br\/sites\/taismachado\/2011\/08\/23\/33%c2%aa-semana-de-2011\/","title":{"rendered":"33\u00aa semana de 2011"},"content":{"rendered":"<p>\u201cO aumento do n\u00famero de suic\u00eddios entre os jovens n\u00e3o \u00e9 exclusividade do Brasil, acontece em diversos pa\u00edses. Mas qual seria a explica\u00e7\u00e3o? N\u00e3o h\u00e1 causa \u00fanica, mas uma s\u00e9rie de fatores combinados. Os transtornos psiqui\u00e1tricos s\u00e3o uma das principais causas, e a depress\u00e3o \u00e9 a mais importante delas. Por isso, qualquer altera\u00e7\u00e3o significativa do comportamento merece avalia\u00e7\u00e3o. Mas n\u00e3o \u00e9 apenas a depress\u00e3o que leva o jovem ao suic\u00eddio. No Jap\u00e3o, por exemplo, o alto grau de exig\u00eancia no desempenho escolar, as cobran\u00e7as excessivas por parte da fam\u00edlia, o medo de fracassar e n\u00e3o atender \u00e0s expectativas sociais e a alta competitividade tamb\u00e9m s\u00e3o fatores. [&#8230;] No Brasil, h\u00e1 um risco maior nos jovens de popula\u00e7\u00f5es ind\u00edgenas, em pessoas que j\u00e1 tentaram suic\u00eddio ou de fam\u00edlias em que algu\u00e9m se matou, em jovens que fazem parte de minorias sexuais (adolescentes gays se matam mais do que heterossexuais), v\u00edtimas frequentes de bullying e de viol\u00eancia. Em comum, a sensa\u00e7\u00e3o de que as dificuldades e as barreiras s\u00e3o t\u00e3o grandes que n\u00e3o vale a pena lutar.\u201d<br \/>\nJairo Bouer &#8211; Folha de S.Paulo, 15\/08\/2011<\/p>\n<p>\u201cA vida \u00e9 feita de escolhas. Uma das escolhas mais s\u00e9rias na vida \u00e9 o modo como vivemos a vida, se como gra\u00e7a ou como natureza.\u201d<br \/>\nLuiz Felipe Pond\u00e9 &#8211; Folha de S.Paulo, 15\/08\/2011<\/p>\n<p>\u201cOs peri\u00f3dicos cient\u00edficos, onde pesquisadores publicam seus estudos, t\u00eam ganhado em import\u00e2ncia. A tal ponto que, no Brasil, seguindo pa\u00edses como Holanda e EUA, alguns programas de p\u00f3s-gradua\u00e7\u00e3o j\u00e1 substituem a obriga\u00e7\u00e3o de escrever uma tese por artigos cient\u00edficos. [&#8230;] Hoje, o Brasil est\u00e1 em 13\u00ba lugar no mundo em quantidade de artigos publicados. [&#8230;] Quem publicar mais nos melhores peri\u00f3dicos, ganha nota mais alta. E quem tiver as notas mais altas, recebe mais recursos, como bolsas.<br \/>\nA liga\u00e7\u00e3o direta entre a publica\u00e7\u00e3o de artigos e distribui\u00e7\u00e3o do dinheiro p\u00fablico para ci\u00eancia tem tirado o sono dos pesquisadores, principalmente daqueles cujas revistas correspondentes \u00e0 sua \u00e1rea n\u00e3o est\u00e3o no topo.\u201d<br \/>\nSabine Righetti &#8211; Folha de S.Paulo, 15\/08\/2011<\/p>\n<p>\u201cNos dados sobre religi\u00e3o da POF (Pesquisa de Or\u00e7amentos Familiares), do IBGE, que pesquisou o tema em 2003 e 2009. No per\u00edodo, s\u00f3 entre evang\u00e9licos, a fatia dos que se disseram sem v\u00ednculo institucional foi de 4% para 14% -um salto de mais de 4 milh\u00f5es de pessoas. [&#8230;] Para especialistas consultados pela Folha, a pesquisa, feita a partir de amostra de 56 mil entrevistas, \u00e9 suficiente para dar boas pistas do movimento.<br \/>\nO pesquisador Ricardo Mariano, da PUC-RS, reconhece que vem ocorrendo aumento de protestantes e pentecostais sem v\u00ednculos institucionais, ainda que ele tenha d\u00favidas se o crescimento foi mesmo t\u00e3o intenso quanto o revelado pelo IBGE. [&#8230;] De acordo com o professor, parte dos evang\u00e9licos adota o \u2018Believing without belonging\u2019 (crer sem pertencer), express\u00e3o cunhada pela soci\u00f3loga brit\u00e2nica Grace Davie sobre o esvaziamento das igrejas ao mesmo tempo em que se mant\u00eam as cren\u00e7as religiosas na Europa Ocidental. Para a antrop\u00f3loga Regina Novaes, uma pergunta que a pesquisa levanta \u00e9 se este \u2018evang\u00e9lico gen\u00e9rico\u2019 tem semelhan\u00e7as com o cat\u00f3lico n\u00e3o praticante. Para ela, \u2018ambos usufruem de rituais e servi\u00e7os religiosos mas se sentem livres para ir e vir\u2019. [&#8230;] Outro dado interessante da POF \u00e9 que aumentou o n\u00famero dos que declararam uma religi\u00e3o n\u00e3o identificada pelos pesquisadores, o que indica que na d\u00e9cada passada mais igrejas surgiram e passaram a disputar o &#8220;supermercado da f\u00e9&#8221;, na express\u00e3o depreciativa utilizada pelo papa Bento 16.\u201d<br \/>\nAnt\u00f4nio Gois e H\u00e9lio Schwartsman &#8211; Folha de S.Paulo, 15\/08\/2011<\/p>\n<p>\u201cFerimentos a bala s\u00e3o parte da rotina. As v\u00edtimas da guerra civil est\u00e3o sempre nos nossos corredores. J\u00e1 vi um mesmo cirurgi\u00e3o atender at\u00e9 dez num \u00fanico dia.<br \/>\nCrian\u00e7as em estado de desnutri\u00e7\u00e3o extrema, muitos casos de mal\u00e1ria, doen\u00e7as respirat\u00f3rias. As principais v\u00edtimas s\u00e3o as crian\u00e7as. Elas sofrem com a ignor\u00e2ncia dos pais. A falta de educa\u00e7\u00e3o tamb\u00e9m \u00e9 uma epidemia, porque tem um impacto direto na sa\u00fade.\u201d<br \/>\nAbdirizak Ali Mohamed, 22, estudante de medicina na Universidade Benadir em entrevista para Marcelo Ninio &#8211; Folha de S.Paulo, 16\/08\/2011<\/p>\n<p>\u201cUm dos sinais de intelig\u00eancia de um bom l\u00edder \u00e9 a capacidade de perceber antes dos outros o fim e o in\u00edcio de cada um dos est\u00e1gios de sua carreira. H\u00e1 muito de emocional nessa capacidade.\u201d<br \/>\nBetania Tanure \u2013 Valor, 19\/08\/2011<\/p>\n<p>\u201cValores como justi\u00e7a, liberdade e dignidade n\u00e3o s\u00e3o ocidentais ou orientais, nem dependem de uma religi\u00e3o ou cren\u00e7a, disse minha amiga. S\u00e3o apenas valores humanos, mas a hist\u00f3ria da humanidade \u00e9 uma sucess\u00e3o intermin\u00e1vel de calamidades e injusti\u00e7as. Meus clientes s\u00e3o jovens franceses e imigrantes, todos desempregados. Depois de conhecer a vida deles, tento entender o nosso tempo, que n\u00e3o me orgulha nem um  pouco. A maioria das pessoas v\u00ea esses desempregados e drogados como seres mal\u00e9ficos \u00e0 sociedade. Eu os vejo como jovens sem qualquer perspectiva de futuro, derrotados antes mesmo de entrar na dan\u00e7a da vida.\u201d<br \/>\nMilton Hatoum &#8211; O Estado de S. Paulo, 19\/08\/2011<\/p>\n<p>\u201cA matem\u00e1tica continua sendo a disciplina do curr\u00edculo b\u00e1sico com os \u00edndices de aproveitamento mais baixos nas avalia\u00e7\u00f5es institucionais. [&#8230;] O Programa Internacional de Avalia\u00e7\u00e3o de Alunos (Pisa), que avalia o desempenho em leitura, matem\u00e1tica e ci\u00eancias de jovens de 15 anos, coloca o Brasil nas \u00faltimas posi\u00e7\u00f5es, num ranking de 65 pa\u00edses. Quatro em cada 10 jovens brasileiros nessa faixa et\u00e1ria n\u00e3o sabem multiplicar. [&#8230;] O problema \u00e9 antigo e preocupante, pois a m\u00e1 qualidade do ensino de matem\u00e1tica \u00e9 um dos fatores que v\u00eam limitando a forma\u00e7\u00e3o de engenheiros em n\u00famero suficiente para atender \u00e0s necessidades da economia nacional. Em 2008, os cursos de engenharia ofereceram 239 mil vagas, mas s\u00f3 foram preenchidas 140 mil. Ou seja, n\u00e3o faltam vagas nas universidades \u2013 faltam, sim, vestibulandos com conhecimento m\u00ednimo de matem\u00e1tica. O Pa\u00eds forma cerca de 47 mil engenheiros por ano, ante 650 mil, na China, e 220 mil, na \u00cdndia.\u201d<br \/>\n O Estado de S. Paulo, 19\/08\/2011<\/p>\n<p>\u201cO Facebook, rede social criada por Mark Zuckerberg, atingiu a marca de 25 milh\u00f5es de usu\u00e1rios no Pa\u00eds. Apesar da penetra\u00e7\u00e3o relativamente baixa em raz\u00e3o da concorr\u00eancia do Orkut \u2013 que ainda \u00e9 o l\u00edder nacional -, o Brasil j\u00e1 \u00e9 um mercado \u2018top 5\u2019 em termos absolutos para o site, afirmou ontem o vice-presidente da empresa para a Am\u00e9rica Latina, Alexandre Hohagen.\u201d<br \/>\nAlexandre Matias &#8211; O Estado de S. Paulo, 19\/08\/2011<\/p>\n","protected":false},"excerpt":{"rendered":"<p>\u201cO aumento do n\u00famero de suic\u00eddios entre os jovens n\u00e3o \u00e9 exclusividade do Brasil, acontece em diversos pa\u00edses. Mas qual seria a explica\u00e7\u00e3o? N\u00e3o h\u00e1 causa \u00fanica, mas uma s\u00e9rie de fatores combinados. Os transtornos psiqui\u00e1tricos s\u00e3o uma das principais causas, e a depress\u00e3o \u00e9 a mais importante delas. Por isso, qualquer altera\u00e7\u00e3o significativa do [&hellip;]<\/p>\n","protected":false},"author":14,"featured_media":0,"comment_status":"open","ping_status":"open","sticky":false,"template":"","format":"standard","meta":{"ngg_post_thumbnail":0,"footnotes":""},"categories":[4778],"tags":[8448,15,131,157,8420,8405,8442],"class_list":["post-503","post","type-post","status-publish","format-standard","hentry","category-contando-os-dias","tag-crencas","tag-criancas","tag-educacao","tag-juventude","tag-lideranca","tag-suicidio","tag-vida-digital","count-0","even alt","author-taismachado","last"],"_links":{"self":[{"href":"https:\/\/ultimato.com.br\/sites\/taismachado\/wp-json\/wp\/v2\/posts\/503","targetHints":{"allow":["GET"]}}],"collection":[{"href":"https:\/\/ultimato.com.br\/sites\/taismachado\/wp-json\/wp\/v2\/posts"}],"about":[{"href":"https:\/\/ultimato.com.br\/sites\/taismachado\/wp-json\/wp\/v2\/types\/post"}],"author":[{"embeddable":true,"href":"https:\/\/ultimato.com.br\/sites\/taismachado\/wp-json\/wp\/v2\/users\/14"}],"replies":[{"embeddable":true,"href":"https:\/\/ultimato.com.br\/sites\/taismachado\/wp-json\/wp\/v2\/comments?post=503"}],"version-history":[{"count":1,"href":"https:\/\/ultimato.com.br\/sites\/taismachado\/wp-json\/wp\/v2\/posts\/503\/revisions"}],"predecessor-version":[{"id":504,"href":"https:\/\/ultimato.com.br\/sites\/taismachado\/wp-json\/wp\/v2\/posts\/503\/revisions\/504"}],"wp:attachment":[{"href":"https:\/\/ultimato.com.br\/sites\/taismachado\/wp-json\/wp\/v2\/media?parent=503"}],"wp:term":[{"taxonomy":"category","embeddable":true,"href":"https:\/\/ultimato.com.br\/sites\/taismachado\/wp-json\/wp\/v2\/categories?post=503"},{"taxonomy":"post_tag","embeddable":true,"href":"https:\/\/ultimato.com.br\/sites\/taismachado\/wp-json\/wp\/v2\/tags?post=503"}],"curies":[{"name":"wp","href":"https:\/\/api.w.org\/{rel}","templated":true}]}}