{"id":494,"date":"2011-08-01T08:09:35","date_gmt":"2011-08-01T08:09:35","guid":{"rendered":"http:\/\/ultimato.com.br\/sites\/taismachado\/?p=494"},"modified":"2011-08-01T12:14:16","modified_gmt":"2011-08-01T12:14:16","slug":"30%c2%aa-semana-de-2011","status":"publish","type":"post","link":"https:\/\/ultimato.com.br\/sites\/taismachado\/2011\/08\/01\/30%c2%aa-semana-de-2011\/","title":{"rendered":"30\u00aa semana de 2011"},"content":{"rendered":"<p>\u201cOs hom\u00f3fobos foram incapazes de diferenciar uma express\u00e3o de carinho paterno de uma pr\u00e1tica er\u00f3tica entre dois homens. Como hip\u00f3tese, especularia que os agressores pouco receberam afeto de homens, seja de seus pais ou de outros homens de suas redes afetivas. Uma hip\u00f3tese alternativa \u00e9 a de que se houve afeto paterno, esse foi mediado pelo temor homof\u00f3bico . Essa aus\u00eancia levou os agressores a desconfiar do corpo de outros homens.\u201d<br \/>\nDebora Diniz, antrop\u00f3loga, professora da Universidade de Bras\u00edlia &#8211; O Estado de S.Paulo, 22\/07\/2011<\/p>\n<p>\u201cEstamos nos tornando uma na\u00e7\u00e3o de psic\u00f3ticos?  A quest\u00e3o que tem inflamado debates nos EUA, por conta do aumento no uso de drogas antipsic\u00f3ticas, chegou ao Brasil. Essa classe terap\u00eautica j\u00e1 \u00e9 uma das mais comuns entre as de venda controlada por aqui. Dados de um recente boletim divulgado pela Anvisa (Ag\u00eancia Nacional de Vigil\u00e2ncia Sanit\u00e1ria) mostram que a maior parte (44%) dos 143 tipos de medicamento controlado \u00e0 venda no pa\u00eds servem para tratar transtornos mentais e comportamentais. Os antipsic\u00f3ticos, indicados principalmente para esquizofrenias e transtornos bipolar e man\u00edaco-depressivo, respondem por 16,1% do total. Os antidepressivos v\u00eam em seguida, com 15,4%. [&#8230;] O mercado de antipsic\u00f3ticos movimentou R$ 306,8 milh\u00f5es nos \u00faltimos 12 meses, segundo a IMS Health, consultoria especializada na ind\u00fastria farmac\u00eautica. [&#8230;] Segundo estudo da Universidade Columbia (EUA), as receitas de antipsic\u00f3ticos para crian\u00e7as de dois a sete anos, para tratar doen\u00e7as como transtorno bipolar, dobraram de 2000 a 2007. Estima-se que 500 mil crian\u00e7as nos EUA usem essas drogas. [&#8230;]A pediatra Ana Maria Escobar, do Instituto da Crian\u00e7a do Hospital das Cl\u00ednicas de S\u00e3o Paulo, conta que \u00e9 cada vez mais frequente a indica\u00e7\u00e3o de rem\u00e9dios para crian\u00e7as, mesmo quando n\u00e3o h\u00e1 um dist\u00farbio psiqui\u00e1trico. &#8220;Atendi um menino que j\u00e1 estava tomando rem\u00e9dio para deficit de aten\u00e7\u00e3o, mas o que ele tinha era um problema auditivo. N\u00e3o aprendia porque n\u00e3o ouvia\u2019.\u201d<br \/>\nCl\u00e1udia Collucci &#8211; Folha de S.Paulo, 25\/07\/2011<\/p>\n<p>\u201cCrentes e ateus matam, mentem e roubam da mesma forma.\u201d<br \/>\nLuiz Felipe Pond\u00e9 &#8211; Folha de S.Paulo, 25\/07\/2011<\/p>\n<p>\u201cDe nada adianta lembrar que estudos recentes da OCDE mostram que os imigrantes contribuem mais para a seguridade social do que usam tais servi\u00e7os, ou seja, geram mais riquezas do que consomem. De nada adianta lembrar isso, porque n\u00e3o estamos no dom\u00ednio do argumento, mas no dos afetos patol\u00f3gicos cada vez mais naturalizados como discurso no jogo pol\u00edtico.\u201d<br \/>\nVladimir Safatle &#8211; Folha de S.Paulo, 26\/07\/2011<\/p>\n<p>\u201cNo ano passado, fiquei conhecendo um h\u00f3spede numa pousada, que me perguntou: \u2018Voc\u00ea \u00e9 feliz?\u2019. Achei que a pergunta carregava um ju\u00edzo de valor e era relativa e reducionista, exigindo que eu destilasse a minha din\u00e2mica emocional complexa em uma palavra. Para mim, a felicidade \u00e9 uma emo\u00e7\u00e3o em meu fluxo constante de estados de \u00e2nimo, que mudam conforme as circunst\u00e2ncias. N\u00e3o \u00e9 um estado de esp\u00edrito perp\u00e9tuo.\u201d<br \/>\nMichael Kepp &#8211; Folha de S.Paulo, 26\/07\/2011<\/p>\n<p>\u201cNos neg\u00f3cios, pregui\u00e7a mata. As novidades exigem maneiras novas de pensar, de produzir, de distribuir, de comunicar, de vender. [&#8230;] N\u00e3o basta adaptar. \u00c9 preciso repensar, recriar, inovar.\u201d<br \/>\nNizan Guanaes &#8211; Folha de S.Paulo, 26\/07\/2011<\/p>\n<p>\u201cO mercado de notebooks vive uma era de ouro no Brasil. Entre 2006 e 2010, as vendas de computadores port\u00e1teis cresceram mais de dez vezes. Desde o ano passado, j\u00e1 se vendem mais notebooks do que m\u00e1quinas de mesa no pa\u00eds -7,15 milh\u00f5es de unidades, ante 6,85 milh\u00f5es de desktops em 2010, segundo a Abinee (Associa\u00e7\u00e3o Brasileira da Ind\u00fastria El\u00e9trica e Eletr\u00f4nica). Para 2011, os analistas esperam um crescimento superior a 30% sobre o volume do ano passado. Se confirmadas as previs\u00f5es, o Brasil ser\u00e1 em breve o terceiro maior mercado de notebooks do mundo &#8211;atr\u00e1s apenas de China e Estados Unidos.\u201d<br \/>\nJo\u00e3o Paulo Nucci &#8211; Folha de S.Paulo, 27\/07\/2011<\/p>\n<p>\u201cJ\u00e1 que \u00e9 imposs\u00edvel (e bem pouco pr\u00e1tico) viver fora do grid de informa\u00e7\u00e3o digital, \u00e9 preciso administrar a imagem p\u00fablica. [&#8230;] Com a popularidade de acesso aos meios de publica\u00e7\u00e3o, o indiv\u00edduo urbano, globalizado e massificado usa as redes como v\u00e1lvula de escape para manifestar sua identidade e, nesse processo, se exp\u00f5e de forma inimagin\u00e1vel.\u201d<br \/>\nLuli Radfahrer &#8211; Folha de S.Paulo, 27\/07\/2011<\/p>\n<p>\u201cVanderlei Matos da Silva morreu aos 29 anos v\u00edtima de problemas no f\u00edgado ap\u00f3s passar tr\u00eas anos e meio misturando defensivos qu\u00edmicos para cultivo de abacaxi.<br \/>\nA hist\u00f3ria dele e de outros agricultores est\u00e1 no document\u00e1rio &#8216;O Veneno Est\u00e1 na Mesa&#8217;, lan\u00e7ado pelo cineasta Silvio Tendler. [&#8230;] Desde 2008, o pa\u00eds \u00e9 o principal mercado no mundo para esses produtos. Segundo a Anvisa (Ag\u00eancia Nacional de Vigil\u00e2ncia Sanit\u00e1ria), o consumo anual chega a 5,2 litros por habitante. Muitas vezes, os produtos s\u00e3o usados de forma abusiva, segundo testes feitos pela ag\u00eancia. O \u00faltimo deles, realizado em 2010, apontou problemas em 29% das amostras de alimentos examinadas. No caso do piment\u00e3o, esse percentual chegou a 80%. \u2018\u00c9 um problema que incide na vida de todo mundo, mas parece que as pessoas optaram pela pol\u00edtica de avestruz\u2019, diz Tendler, que j\u00e1 dirigiu document\u00e1rios sobre o cineasta Glauber Rocha e o ex-presidente Jo\u00e3o Goulart.\u201d<br \/>\nDenise Menchen &#8211; Folha de S.Paulo, 27\/07\/2011<\/p>\n<p>\u201cPara tudo na vida \u00e9 necess\u00e1rio que estejamos dispon\u00edveis para aprender. Sempre, por mais que achemos que saibamos muito, \u00e9 tempo de melhorar nossas capacidades. E n\u00e3o adianta nada tentar esconder as limita\u00e7\u00f5es que porventura tenhamos, pois se n\u00e3o as temos claro nunca poderemos minimiz\u00e1-las.\u201d<br \/>\nS\u00f3crates, ex-jogador de futebol \u2013 Revista Carta Capital, 27\/07\/2011<\/p>\n<p>\u201cA ONU advertiu, na quarta-feira 20, para um surto de fome na regi\u00e3o da Som\u00e1lia, Eti\u00f3pia e Qu\u00eania. O problema foi agravado pela seca no chamado Chifre  da \u00c1frica, a maior dos \u00faltimos 20 anos. \u2018Esta n\u00e3o vai ser uma crise curta. A ONU e seus membros esperam combater esta situa\u00e7\u00e3o pelo menos durante os pr\u00f3ximos seis meses\u2019, declarou Valerie Amos, subcoordenadora de Assuntos Humanit\u00e1rios da ONU. O governo brasileiro anunciou a doa\u00e7\u00e3o de 20 mil toneladas de feij\u00e3o e milho para a Som\u00e1lia, considerado o pa\u00eds mais afetado. [&#8230;] O Brasil ocupa atualmente a oitava posi\u00e7\u00e3o entre os pa\u00edses que mais doam alimentos a na\u00e7\u00f5es mais pobres.\u201d<br \/>\nRevista Carta Capital, 27\/07\/2011<\/p>\n<p>\u201cOs comit\u00eas organizadores dizem que n\u00e3o houve nenhum legado urban\u00edstico do Pan. A prepara\u00e7\u00e3o para o Pan foi uma desorganiza\u00e7\u00e3o total, houve fortes ind\u00edcios de superfaturamento e, no final, o evento custou dez vez mais. O (parque aqu\u00e1tico) Maria Lenk n\u00e3o \u00e9 adequado para os Jogos Ol\u00edmpicos e ser\u00e1 reformado. O est\u00e1dio do Engenh\u00e3o foi or\u00e7ado em 120 milh\u00f5es de reais, mas custou 430 milh\u00f5es. Desorganiza\u00e7\u00e3o e falta de transpar\u00eancia totais.\u201d<br \/>\nChristopher Gaffney, ge\u00f3grafo, prof. da UFF &#8211; Revista Carta Capital, 27\/07\/2011<\/p>\n<p>\u201cS\u00f3 29% dos brasileiros (33% de homens e 24% de mulheres) investem pensando na aposentadoria, apesar de a maioria se preocupar em como vai pagar as contas depois de parar de trabalhar. Essa \u00e9 uma das conclus\u00f5es de uma pesquisa in\u00e9dita da seguradora MetLife entre 500 funcion\u00e1rios de empresas do pa\u00eds. Os brasileiros poupam pouco&#8230; (% da poupan\u00e7a dom\u00e9stica em rela\u00e7\u00e3o ao PIB): China 55%, \u00cdndia 31%, M\u00e9xico 22%, Brasil 15%. Ainda assim, a maioria teme n\u00e3o ter dinheiro para arcar com despesas b\u00e1sicas depois de parar de trabalhar. As preocupa\u00e7\u00f5es centrais: 70% temem n\u00e3o conseguir pagar a assist\u00eancia m\u00e9dica; 69% acreditam que os recursos poupados v\u00e3o acabar antes do previsto; 63% acham que n\u00e3o v\u00e3o poder sustentar os pais e sogros.\u201d<br \/>\nRevista Exame \u2013 27\/07\/2011<\/p>\n<p>\u201cVoc\u00ea pode subir num p\u00falpito e falar de quest\u00f5es ut\u00f3picas, ideais humanos de honestidade e justi\u00e7a, mesmo n\u00e3o sendo capaz de fazer 100% aquilo que prega. Toda vez que fa\u00e7o uma pr\u00e9dica, que estou falando uma coisa absolutamente verdadeira sobre o que \u00e9 certo e justo, eu sei que n\u00e3o fa\u00e7o 100% do que falo. Luto com esse indiv\u00edduo em mim que quer fingir \u00e0s vezes que \u00e9 capaz de escolher 100% o que \u00e9 bom.\u201d<br \/>\nNilton Bonder, 53, rabino, autor de 21 livros \u2013 Valor, 29\/07\/2011<\/p>\n<p>\u201cPara mim, a arte permite conhecer algo mais elevado e profundo da condi\u00e7\u00e3o humana -e agrade\u00e7o a Deus por essas mensagens. At\u00e9 o medo faz parte dessa plenitude.<br \/>\nO pavor que grita no quadro de Munch \u00e9 o de um tempo em que n\u00e3o agred\u00edamos tanto a natureza e, embora nos sent\u00edssemos vulner\u00e1veis, talvez n\u00e3o o f\u00f4ssemos tanto quanto hoje. O pavor que sentimos em rela\u00e7\u00e3o \u00e0 natureza talvez seja o que ela sente em rela\u00e7\u00e3o a n\u00f3s. Sou grata pelo aprendizado. Magn\u00edfica a arte, de incessantes profecias, at\u00e9 quando ignoraremos o que seu olhar antecipa?\u201d<br \/>\nMarina Silva &#8211; Folha de S.Paulo, 29\/07\/2011<\/p>\n<p>\u201cSegundo a psican\u00e1lise, um dos motivos que levam a esses abusos do poder \u00e9 a hipertrofia do narcisismo: o indiv\u00edduo tem de sua capacidade e do seu poder uma ideia t\u00e3o exagerada que se julga acima de tudo e de todos. As regras n\u00e3o valem para ele: acredita que sua grandiosidade lhe permite fazer o que \u00e9 vedado aos demais, apenas porque assim o deseja.\u201d<br \/>\nRenato Mezan, psicanalista, Revista Poder \u2013 julho de 2011<\/p>\n","protected":false},"excerpt":{"rendered":"<p>\u201cOs hom\u00f3fobos foram incapazes de diferenciar uma express\u00e3o de carinho paterno de uma pr\u00e1tica er\u00f3tica entre dois homens. Como hip\u00f3tese, especularia que os agressores pouco receberam afeto de homens, seja de seus pais ou de outros homens de suas redes afetivas. Uma hip\u00f3tese alternativa \u00e9 a de que se houve afeto paterno, esse foi mediado [&hellip;]<\/p>\n","protected":false},"author":14,"featured_media":0,"comment_status":"open","ping_status":"open","sticky":false,"template":"","format":"standard","meta":{"ngg_post_thumbnail":0,"footnotes":""},"categories":[4778],"tags":[33,131,5544,8459,8400,7642,8393],"class_list":["post-494","post","type-post","status-publish","format-standard","hentry","category-contando-os-dias","tag-arte","tag-educacao","tag-felicidade","tag-narcisismo","tag-saude","tag-sociedade","tag-tecnologia","count-0","even alt","author-taismachado","last"],"_links":{"self":[{"href":"https:\/\/ultimato.com.br\/sites\/taismachado\/wp-json\/wp\/v2\/posts\/494","targetHints":{"allow":["GET"]}}],"collection":[{"href":"https:\/\/ultimato.com.br\/sites\/taismachado\/wp-json\/wp\/v2\/posts"}],"about":[{"href":"https:\/\/ultimato.com.br\/sites\/taismachado\/wp-json\/wp\/v2\/types\/post"}],"author":[{"embeddable":true,"href":"https:\/\/ultimato.com.br\/sites\/taismachado\/wp-json\/wp\/v2\/users\/14"}],"replies":[{"embeddable":true,"href":"https:\/\/ultimato.com.br\/sites\/taismachado\/wp-json\/wp\/v2\/comments?post=494"}],"version-history":[{"count":1,"href":"https:\/\/ultimato.com.br\/sites\/taismachado\/wp-json\/wp\/v2\/posts\/494\/revisions"}],"predecessor-version":[{"id":495,"href":"https:\/\/ultimato.com.br\/sites\/taismachado\/wp-json\/wp\/v2\/posts\/494\/revisions\/495"}],"wp:attachment":[{"href":"https:\/\/ultimato.com.br\/sites\/taismachado\/wp-json\/wp\/v2\/media?parent=494"}],"wp:term":[{"taxonomy":"category","embeddable":true,"href":"https:\/\/ultimato.com.br\/sites\/taismachado\/wp-json\/wp\/v2\/categories?post=494"},{"taxonomy":"post_tag","embeddable":true,"href":"https:\/\/ultimato.com.br\/sites\/taismachado\/wp-json\/wp\/v2\/tags?post=494"}],"curies":[{"name":"wp","href":"https:\/\/api.w.org\/{rel}","templated":true}]}}