{"id":473,"date":"2011-06-01T10:06:10","date_gmt":"2011-06-01T10:06:10","guid":{"rendered":"http:\/\/ultimato.com.br\/sites\/taismachado\/?p=473"},"modified":"2011-06-01T13:30:57","modified_gmt":"2011-06-01T13:30:57","slug":"21%c2%aa-semana-de-2011","status":"publish","type":"post","link":"https:\/\/ultimato.com.br\/sites\/taismachado\/2011\/06\/01\/21%c2%aa-semana-de-2011\/","title":{"rendered":"21\u00aa semana de 2011"},"content":{"rendered":"<p>\u201cAcontecem \u00e0s vezes momentos maravilhosos em lugares deslumbrantes, com pessoas incr\u00edveis, e se imagina que aquele \u00e9 um dos grandes momentos da vida, se imagina at\u00e9 mesmo que aquilo \u00e9 a felicidade. Anos depois, desses momentos s\u00f3 vai sobrar uma foto, se sobrar, e na mem\u00f3ria, quase nada; no cora\u00e7\u00e3o, nem pensar. Bom mesmo \u00e9 ser feliz e perceber.\u201d<br \/>\n                                                                                                                                                                                                                                  Danuza Le\u00e3o, Folha de S.Paulo, 22\/05\/2011<\/p>\n<p>\u201cO futuro se ancora nas escolhas que fazemos hoje, dentre aquilo que a vida nos apresenta e nossas cria\u00e7\u00f5es pr\u00f3prias. Viv\u00ea-lo com qualidade ou jog\u00e1-lo fora depende de n\u00f3s. Nos \u00e9 dado redimensionar e reorganizar em n\u00f3s o passado, mas, \u00f3bvio, n\u00e3o o viveremos mais. Passado e futuro s\u00e3o refer\u00eancias apenas do presente. \u00c9 disso que trata uma psican\u00e1lise.\u201d<br \/>\n                                                                                                                                                                                                                               Plinio Montagna, Folha de S.Paulo, 22\/05\/2011<\/p>\n<p>\u201cComo n\u00e3o mede sabedoria, a escola n\u00e3o tem espa\u00e7o para ela, apenas para equa\u00e7\u00f5es de terceiro grau. [&#8230;] E a forma\u00e7\u00e3o no que realmente interessa para ser um cidad\u00e3o pleno, com intelig\u00eancias quantitativa e emocional equilibradas?\u201d<br \/>\n                                                                                                                                                                                                                                Ricardo Semler, Folha de S.Paulo, 23\/05\/2011<\/p>\n<p>\u201cControlar a situa\u00e7\u00e3o n\u00e3o \u00e9 ter as pessoas sentadas quietas, mas sim, t\u00ea-las envolvidas. Quando entro em uma classe as pessoas olhando quietas para o professor, n\u00e3o considero essa uma boa experi\u00eancia de aprendizagem.\u201d<br \/>\n                                                                                                                                                                                                                                Brian K. Perkins, Folha de S.Paulo, 23\/05\/2011<\/p>\n<p>\u201cVoc\u00ea quer mesmo aquilo que pensa em comprar? Ou \u00e9 apenas um est\u00edmulo vindo de um vendedor habilidoso? Se quer, voc\u00ea precisa do que vai comprar? Se n\u00e3o lhe trouxer utilidade duradoura, esque\u00e7a. H\u00e1 uso mais inteligente para seu dinheiro.<br \/>\nSe voc\u00ea quer e precisa, pergunte-se: voc\u00ea pode comprar?\u201d<br \/>\n                                                                                                                                                                                                                                  Gustavo Cerbasi, Folha de S.Paulo, 23\/05\/2011<\/p>\n<p>\u201cVivemos no mundo da opini\u00e3o p\u00fablica e &#8220;ter opini\u00e3o sobre tudo&#8221; \u00e9 um fetiche t\u00edpico do esp\u00edrito de classe m\u00e9dia. Alexis de Tocqueville (1805-1859) j\u00e1 dizia que a democracia \u00e9 tagarela. Quando se depende da opini\u00e3o p\u00fablica j\u00e1 n\u00e3o h\u00e1 mais sa\u00edda para escapar das &#8220;redes sociais&#8221; t\u00edpicas do mundo contempor\u00e2neo, no qual as pessoas t\u00eam opini\u00e3o sobre tudo.\u201d<br \/>\n                                                                                                                                                                                                                                 Luiz Felipe Pond\u00e9, Folha de S.Paulo, 23\/05\/2011<\/p>\n<p>\u201cO que temos feito para que esses jovens (entre 18 e 30 anos) amem a vida, desenvolvam o autocuidado e atitudes de respeito por si mesmos, tratem suas emo\u00e7\u00f5es com delicadeza e construam um projeto de vida que lhes permita olhar para o futuro como um alvo a ser alcan\u00e7ado e n\u00e3o uma fatalidade ou determina\u00e7\u00e3o? Temos estimulado o consumo na vida deles, de todos os modos. Carro, telefone celular e computador, por exemplo, n\u00e3o s\u00e3o desejados por eles pelas suas fun\u00e7\u00f5es b\u00e1sicas e sim pelo modelo, pelas fun\u00e7\u00f5es complementares, pela apar\u00eancia e, principalmente, pelo status que a posse desses objetos lhes confere. Um jovem sente que tem mais valor quando tem um carro, mesmo que n\u00e3o tenha sido fruto de seu trabalho.\u201d<br \/>\n                                                                                                                                                                                                                                      Rosely Say\u00e3o, Folha de S.Paulo, 24\/05\/2011<\/p>\n<p>\u201cExperimentamos aguda altera\u00e7\u00e3o nos valores, nas atitudes e nas refer\u00eancias. Muito do que, at\u00e9 pouco tempo, servia para orientar, sustentar e reagir diante dos problemas tem perdido vigor, trazendo, a pessoas e grupos, a forte sensa\u00e7\u00e3o de perplexidade diante de como pensar, sentir e agir.\u201d<br \/>\nRaymundo Damasceno Assis, Folha de S.Paulo, 23\/05\/2011<\/p>\n<p>\u201cO soci\u00f3logo S\u00f6ren Petermann, pesquisador da Universidade de Halle-Wittenberg, na Alemanha, estima que cada pessoa tenha uma rede social com 11 integrantes, em m\u00e9dia. A amplitude de dissemina\u00e7\u00e3o, no entanto, \u00e9 grande: nesse formato, atinge at\u00e9 30 indiv\u00edduos. Petermann distingue tr\u00eas tipos de apoio social: instrumental (ajudar durante fase de mudan\u00e7a; realizar tarefas juntos), emocional (ouvir o outro e apoi\u00e1-lo em momentos dif\u00edceis; aconselhar) e companheiro (participar de atividades sociais e de lazer como festas e passeios). Segundo a regra geral, o apoio companheiro \u00e9 o mais f\u00e1cil de ser encontrado, j\u00e1 o instrumental \u00e9 o mais dif\u00edcil. \u00c9 comum encontrar em pequenos grupos pessoas que re\u00fanem em si os tr\u00eas aspectos. Quanto maior uma comunidade, quase sempre mais especializados s\u00e3o os pap\u00e9is de cada um. Em redes on-line como Facebook ou Twitter \u00e9 teoricamente poss\u00edvel manter centenas de contatos. No entanto, encontram-se de fato, em m\u00e9dia, apenas seis parceiros-refer\u00eancia com os quais as pessoas trocam experi\u00eancias. Em resumo: mesmo na internet n\u00e3o se costuma cultivar redes de relacionamento maiores \u2013 para tanto, \u00e0 maioria simplesmente falta tempo.\u201d<br \/>\n                                                                                                                                                                                                                 Nikolas Westerhoff, Revista Mente e C\u00e9rebro, maio de 2011<\/p>\n<p>\u201cToda vez que os pais fazem alguma a\u00e7\u00e3o que o filho j\u00e1 \u00e9 capaz de fazer, chamamos isto de distor\u00e7\u00e3o de relacionamento, porque a finalidade dos pais, no \u00edntimo, \u00e9 se tornar in\u00fatil para os filhos. Se torna in\u00fatil, mas afetivamente importante, sempre.\u201d<br \/>\n                                                                                                                                                                                                             I\u00e7ami Tiba, <em>Revista Psique &#038; Vida<\/em>, maio de 2011<\/p>\n","protected":false},"excerpt":{"rendered":"<p>\u201cAcontecem \u00e0s vezes momentos maravilhosos em lugares deslumbrantes, com pessoas incr\u00edveis, e se imagina que aquele \u00e9 um dos grandes momentos da vida, se imagina at\u00e9 mesmo que aquilo \u00e9 a felicidade. Anos depois, desses momentos s\u00f3 vai sobrar uma foto, se sobrar, e na mem\u00f3ria, quase nada; no cora\u00e7\u00e3o, nem pensar. Bom mesmo \u00e9 [&hellip;]<\/p>\n","protected":false},"author":14,"featured_media":0,"comment_status":"open","ping_status":"open","sticky":false,"template":"","format":"standard","meta":{"ngg_post_thumbnail":0,"footnotes":""},"categories":[4778],"tags":[8462,131,5544,157],"class_list":["post-473","post","type-post","status-publish","format-standard","hentry","category-contando-os-dias","tag-consumismo","tag-educacao","tag-felicidade","tag-juventude","count-0","even alt","author-taismachado","last"],"_links":{"self":[{"href":"https:\/\/ultimato.com.br\/sites\/taismachado\/wp-json\/wp\/v2\/posts\/473","targetHints":{"allow":["GET"]}}],"collection":[{"href":"https:\/\/ultimato.com.br\/sites\/taismachado\/wp-json\/wp\/v2\/posts"}],"about":[{"href":"https:\/\/ultimato.com.br\/sites\/taismachado\/wp-json\/wp\/v2\/types\/post"}],"author":[{"embeddable":true,"href":"https:\/\/ultimato.com.br\/sites\/taismachado\/wp-json\/wp\/v2\/users\/14"}],"replies":[{"embeddable":true,"href":"https:\/\/ultimato.com.br\/sites\/taismachado\/wp-json\/wp\/v2\/comments?post=473"}],"version-history":[{"count":1,"href":"https:\/\/ultimato.com.br\/sites\/taismachado\/wp-json\/wp\/v2\/posts\/473\/revisions"}],"predecessor-version":[{"id":474,"href":"https:\/\/ultimato.com.br\/sites\/taismachado\/wp-json\/wp\/v2\/posts\/473\/revisions\/474"}],"wp:attachment":[{"href":"https:\/\/ultimato.com.br\/sites\/taismachado\/wp-json\/wp\/v2\/media?parent=473"}],"wp:term":[{"taxonomy":"category","embeddable":true,"href":"https:\/\/ultimato.com.br\/sites\/taismachado\/wp-json\/wp\/v2\/categories?post=473"},{"taxonomy":"post_tag","embeddable":true,"href":"https:\/\/ultimato.com.br\/sites\/taismachado\/wp-json\/wp\/v2\/tags?post=473"}],"curies":[{"name":"wp","href":"https:\/\/api.w.org\/{rel}","templated":true}]}}