{"id":460,"date":"2011-05-13T12:22:44","date_gmt":"2011-05-13T12:22:44","guid":{"rendered":"http:\/\/ultimato.com.br\/sites\/taismachado\/?p=460"},"modified":"2011-05-13T16:46:36","modified_gmt":"2011-05-13T16:46:36","slug":"consideracoes-sobre-a-saude","status":"publish","type":"post","link":"https:\/\/ultimato.com.br\/sites\/taismachado\/2011\/05\/13\/consideracoes-sobre-a-saude\/","title":{"rendered":"Considera\u00e7\u00f5es sobre a sa\u00fade"},"content":{"rendered":"<p>Muitos se questionam se a raz\u00e3o de tantos hoje em dia se dizerem depressivos n\u00e3o \u00e9 meramente uma quest\u00e3o de moda. E a facilidade com que s\u00e3o receitados os rem\u00e9dios de \u201ctarja preta\u201d para essa raz\u00e3o precisam mesmo ser reavaliados. Sem d\u00favida, cada vez mais sabemos menos lidar com a tristeza, com perdas, etc. A neglig\u00eancia da reflex\u00e3o sobre nosso contexto, a meu ver, contribui para muitos mal entendidos nessa \u00e1rea. O crescimento dos transtornos mentais e o agravamento de alguns sintomas torna cada vez mais urgente a necessidade tratarmos desse tema com maior seriedade.<br \/>\nNo dia 09 de maio deste ano, o peri\u00f3dico m\u00e9dico \u2018Lancet\u2019, publicou dados de uma s\u00e9rie de estudos sobre o Brasil. O estudo mostrava que as doen\u00e7as mentais s\u00e3o as respons\u00e1veis pela maior parte de anos com qualidade de vida perdidos no pa\u00eds devido a doen\u00e7as cr\u00f4nicas. E mais, 18% a 30% dos brasileiros j\u00e1 apresentaram sintomas de depress\u00e3o.<br \/>\nA jornalista Angela Pinho iniciou sua reportagem dizendo: \u201cCom mudan\u00e7as no estilo de vida dos brasileiros, os transtornos psiqui\u00e1tricos passaram a ocupar lugar de destaque entre os problemas de sa\u00fade p\u00fablica do pa\u00eds\u201d(1). E conversou com a professora da Universidade Federal do Rio Grande do Sul, Maria In\u00eas Schmidt, uma das autoras do estudo, que afirmou que s\u00e3o necess\u00e1rios mais estudos para saber de que forma o modo de vida nas cidades pode influenciar o aparecimento da depress\u00e3o, al\u00e9m das causas bioqu\u00edmicas\u201d.<br \/>\nO articulista do jornal Folha de S\u00e3o Paulo, H\u00e9lio Schwartsman, comentou a not\u00edcia acrescentando: \u201cUm bom jeito de conhecer um pa\u00eds \u00e9 olhar para a forma como morrem seus cidad\u00e3os\u201d.<br \/>\nIsso me remete ao \u00faltimo livro de Tony Judt(2), professor e escritor ingl\u00eas, falecido no ano passado. O livro foi publicado recentemente por aqui e vale a pena sua leitura. Quero destacar, contudo, o que ele diz a respeito desse assunto de sa\u00fade, num contexto de abund\u00e2ncias privadas e mis\u00e9rias p\u00fablicas.<br \/>\nAlertando-nos para o fato que geralmente desprezamos os sintomas do empobrecimento coletivo que nos rodeiam, ele nos chama a aten\u00e7\u00e3o para as consequ\u00eancias da desigualdade social desmedida. Lembra-nos que em 2005, 21,2% da renda nacional americana concentrava-se nas m\u00e3os de 1% dos cidad\u00e3os. Tais despropor\u00e7\u00f5es imensas faz injusti\u00e7as se multiplicarem. Diz tamb\u00e9m que a Gr\u00e3-Bretanha atual \u00e9 mais injusta \u2013 em renda, riqueza, sa\u00fade, educa\u00e7\u00e3o e chances na vida \u2013 do que em qualquer outra \u00e9poca desde 1920. E salienta a quest\u00e3o das oportunidades de emprego que se concentram nas extremidades mais alta e mais baixa da escala salarial. Relata, ent\u00e3o, sobre o \u201ccolapso na mobilidade intergeracional: em contraste com seus pais e av\u00f3s, os jovens na Gr\u00e3-Bretanha e nos EUA t\u00eam muito poucas chances de melhorar as condi\u00e7\u00f5es em que nasceram. A desvantagem econ\u00f4mica para a imensa maioria se traduz em sa\u00fade debilitada, falta de oportunidades educacionais e \u2013 cada vez mais \u2013 os conhecidos sintomas da depress\u00e3o: alcoolismo, obesidade, jogatina e contraven\u00e7\u00f5es penais\u201d. E falando dos desempregados e subempregados completa: \u201ccom frequ\u00eancia passam a sofrer de estresse e ansiedade, al\u00e9m de doen\u00e7as e morte prematura\u201d.<br \/>\nJudt \u00e9 expl\u00edcito: \u201cA disparidade de renda exacerba o problema. A incid\u00eancia de doen\u00e7as mentais, portanto, se relaciona diretamente com a renda\u201d. E ainda complementa: \u201cA desigualdade \u00e9 corrosiva. Faz com que as sociedades apodre\u00e7am por dentro\u201d.<br \/>\nQuest\u00f5es financeiras numa sociedade do espet\u00e1culo tem um peso enorme. Como voc\u00ea se apresentar\u00e1 e relacionar\u00e1 num mundo t\u00e3o competitivo sentindo-se um perdedor, um fracasso em forma de gente, algu\u00e9m que n\u00e3o pode oferecer um espet\u00e1culo aos que o rodeiam? O capitalismo selvagem favorece o adoecimento em v\u00e1rios aspectos. O jeito de nossa sociedade funcionar est\u00e1 cada vez mais adoecido.<br \/>\n\u00c9 interessante que Jesus, em seu dito \u201cSerm\u00e3o do Monte\u201d, antes de dizer que n\u00e3o \u00e9 para a gente viver ansioso, cheios de preocupa\u00e7\u00f5es quanto ao que vestir, comer ou beber, ele fala claramente: \u201cVoc\u00eas n\u00e3o podem servir a Deus e ao Dinheiro\u201d(3). Quando tentamos viver como seres cindidos, achando poss\u00edvel ora agradar a um, ora agradar a outro, a sa\u00fade ser\u00e1 afetada. Quando a sociedade sugere que o importante \u00e9 o aplauso, sua performance, a impress\u00e3o que voc\u00ea causa no outro, cada vez que n\u00e3o se sentir capaz de conquistar n\u00e3o s\u00f3 a aprova\u00e7\u00e3o, mas sobretudo a admira\u00e7\u00e3o do outro, um buraco se abrir\u00e1, e as tentativas de preenche-lo podem ser tr\u00e1gicas.<br \/>\nUm outro professor e escritor, esse mo\u00e7ambicano, Mia Couto, diz que \u201cn\u00e3o h\u00e1 cultura humana que n\u00e3o se fundamente em profundas trocas de alma\u201d. Estamos acostumados com trocas monet\u00e1rias, trocas sociais, mas nem sempre estamos atentos sobre as \u201ctrocas de alma\u201d. Por vezes achamos que uma coisa n\u00e3o tem nada, ou ao menos, pouco a ver com outra. N\u00e3o \u00e9 bem assim.<br \/>\nMuitos que creem em Deus e sofrem com problemas como a depress\u00e3o suplicam por um milagre, mas ao mesmo tempo resistem a olhar mais profundamente para sua alma e seu contexto. Gosto de lembrar o que Ren\u00e9 Padilla coloca: \u201co reino de Deus se faz presente no milagre que supera toda ordem, e na ordem que prov\u00ea o contexto para o milagre\u201d(4). H\u00e1 uma ordem a ser questionada e um contexto a ser mudado, qual ser\u00e1 nossa postura?<\/p>\n<p>_______________________<br \/>\n1 Folha de S\u00e3o Paulo, 10\/05\/2011 \u2013 C12.<br \/>\n2 JUDT, Tony.  O Mal Ronda a Terra \u2013 um tratado sobre as insatisfa\u00e7\u00f5es do presente. Rio de Janeiro, Objetiva, 2011.<br \/>\n3 Mateus 6.24.<br \/>\n4 PADILLA, Ren\u00e9.  O que \u00e9 Miss\u00e3o Integral? Vi\u00e7osa, MG. Ultimato, 2009.<\/p>\n","protected":false},"excerpt":{"rendered":"<p>Muitos se questionam se a raz\u00e3o de tantos hoje em dia se dizerem depressivos n\u00e3o \u00e9 meramente uma quest\u00e3o de moda. E a facilidade com que s\u00e3o receitados os rem\u00e9dios de \u201ctarja preta\u201d para essa raz\u00e3o precisam mesmo ser reavaliados. Sem d\u00favida, cada vez mais sabemos menos lidar com a tristeza, com perdas, etc. A [&hellip;]<\/p>\n","protected":false},"author":14,"featured_media":0,"comment_status":"open","ping_status":"open","sticky":false,"template":"","format":"standard","meta":{"ngg_post_thumbnail":0,"footnotes":""},"categories":[4779],"tags":[4796,8478],"class_list":["post-460","post","type-post","status-publish","format-standard","hentry","category-saude-meio-ambiente","tag-depressao","tag-desigualdade-social","count-0","even alt","author-taismachado","last"],"_links":{"self":[{"href":"https:\/\/ultimato.com.br\/sites\/taismachado\/wp-json\/wp\/v2\/posts\/460","targetHints":{"allow":["GET"]}}],"collection":[{"href":"https:\/\/ultimato.com.br\/sites\/taismachado\/wp-json\/wp\/v2\/posts"}],"about":[{"href":"https:\/\/ultimato.com.br\/sites\/taismachado\/wp-json\/wp\/v2\/types\/post"}],"author":[{"embeddable":true,"href":"https:\/\/ultimato.com.br\/sites\/taismachado\/wp-json\/wp\/v2\/users\/14"}],"replies":[{"embeddable":true,"href":"https:\/\/ultimato.com.br\/sites\/taismachado\/wp-json\/wp\/v2\/comments?post=460"}],"version-history":[{"count":9,"href":"https:\/\/ultimato.com.br\/sites\/taismachado\/wp-json\/wp\/v2\/posts\/460\/revisions"}],"predecessor-version":[{"id":779,"href":"https:\/\/ultimato.com.br\/sites\/taismachado\/wp-json\/wp\/v2\/posts\/460\/revisions\/779"}],"wp:attachment":[{"href":"https:\/\/ultimato.com.br\/sites\/taismachado\/wp-json\/wp\/v2\/media?parent=460"}],"wp:term":[{"taxonomy":"category","embeddable":true,"href":"https:\/\/ultimato.com.br\/sites\/taismachado\/wp-json\/wp\/v2\/categories?post=460"},{"taxonomy":"post_tag","embeddable":true,"href":"https:\/\/ultimato.com.br\/sites\/taismachado\/wp-json\/wp\/v2\/tags?post=460"}],"curies":[{"name":"wp","href":"https:\/\/api.w.org\/{rel}","templated":true}]}}