{"id":432,"date":"2011-02-15T10:29:42","date_gmt":"2011-02-15T10:29:42","guid":{"rendered":"http:\/\/ultimato.com.br\/sites\/taismachado\/?p=432"},"modified":"2011-02-15T13:36:39","modified_gmt":"2011-02-15T13:36:39","slug":"6%c2%aa-semana-de-2011","status":"publish","type":"post","link":"https:\/\/ultimato.com.br\/sites\/taismachado\/2011\/02\/15\/6%c2%aa-semana-de-2011\/","title":{"rendered":"6\u00aa semana de 2011"},"content":{"rendered":"<p>\u201cPara mim, assim como para muitos outros,\u00a0o Pr\u00eamio Nobel nunca foi um objetivo. A ci\u00eancia \u00e9 atrativa por si mesma. \u00c9 fascinante descobrir coisas novas.\u201d<\/p>\n<p style=\"text-align: right;\">Albert Fert, pr\u00eamio Nobel de F\u00edsica de 2007, <em>O Estado de S.Paulo<\/em> \u2013 06\/02\/2011<\/p>\n<p>\u00a0<\/p>\n<p>\u201cO problema surge quando o jovem come\u00e7a a migrar da vida real para a virtual e passa a negligenciar atividades comuns. Como esse uso excessivo n\u00e3o deixa sinais f\u00edsicos, a diferencia\u00e7\u00e3o acaba sendo feita pelo preju\u00edzo causado nas diversas \u00e1reas da vida, explica o psiquiatra Daniel Spritzer, coordenador do Grupo de Estudos sobre Adi\u00e7\u00f5es Tecnol\u00f3gicas (Geat), do Rio Grande do Sul. \u2018A esfera escolar \u00e9 geralmente a mais afetada, com uma marcada queda no rendimento\u2019. [&#8230;] Rosa Farah, coordenadora do N\u00facleo de Pesquisa da Psicologia em Inform\u00e1tica da PUC-SP, realiza um trabalho de orienta\u00e7\u00e3o por e-mail a dependentes de internet e jogos eletr\u00f4nicos e conta que o primeiro passo para a recupera\u00e7\u00e3o \u00e9 identificar a dificuldade que levou ao uso abusivo. [&#8230;] Proibir o uso do computador ou do videogame, diz Rosa, n\u00e3o \u00e9 a solu\u00e7\u00e3o. \u2018O melhor que os pais podem fazer \u00e9 ter uma atitude preventiva. Para isso \u00e9 preciso conhecer as possibilidades do mundo virtual, aproximar-se do jovem, acompanhar o uso das tecnologias e ajud\u00e1-lo a discriminar o bom e o ruim\u2019. [&#8230;] Com os adolescentes \u00e9 preciso manter o di\u00e1logo, explica a neuropsic\u00f3loga Adriana Foz. \u2018O mundo digital oferece in\u00fameras oportunidades de desenvolvimento cognitivo, aprendizagem e divers\u00e3o. N\u00e3o temos como negar nem omitir, mas aprender a fazer um uso saud\u00e1vel e agregador\u2019.\u201d<\/p>\n<p style=\"text-align: right;\">Karina Toledo, <em>O Estado de S.Paulo<\/em> \u2013 06\/02\/2011<\/p>\n<p>\u00a0<\/p>\n<p>\u201cArrogantes e prepotentes, nos transformamos no maior agente destruidor do nosso pr\u00f3prio habitat. [&#8230;] Se nossos dirigentes e a sociedade como um todo se interessassem em entender a filosofia, a cultura e a intelig\u00eancia dos povos ind\u00edgenas, abortariam qualquer projeto que os amea\u00e7asse. E poder\u00edamos inaugurar novo paradigma de progresso.\u201d<\/p>\n<p style=\"text-align: right;\">Cao Hamburger, 48, diretor de cinema, <em>Folha de S.Paulo<\/em> \u2013 06\/02\/2011<\/p>\n<p>\u00a0<\/p>\n<p>\u201cTemos atrapalhado o crescimento dos nossos filhos, esse \u00e9 o fato. [&#8230;]Pequenos deveres e responsabilidades, por exemplo, passam a recair sobre a crian\u00e7a. Novas dificuldades e exig\u00eancias tamb\u00e9m fazem com que a crian\u00e7a tenha de exercitar o que antes n\u00e3o precisava, porque cabia ao adulto: paci\u00eancia, esfor\u00e7o, concentra\u00e7\u00e3o, espera, supera\u00e7\u00e3o, entre outros. O que fazemos nessas horas? Em vez de apoiar a crian\u00e7a, encoraj\u00e1-la nessa sua nova empreitada, ampar\u00e1-la em seus inevit\u00e1veis, mas ainda pequenos sofrimentos, achamos necess\u00e1rio fazer tudo isso por ela. De quem \u00e9 hoje a responsabilidade pela vida escolar dessas crian\u00e7as? Delas? Dificilmente. S\u00e3o os pais quem tem assumido essa parte da vida por elas, devidamente incentivados pela escola e pela sociedade de uma maneira geral. [&#8230;] Resultado? A crian\u00e7a permanece aprisionada nesse mundo ilus\u00f3rio e m\u00e1gico em que sempre tudo termina bem -e nunca por sua pr\u00f3pria interven\u00e7\u00e3o. Desse modo, ela n\u00e3o cresce, n\u00e3o desenvolve o seu potencial, tampouco reconhece esse potencial, enfim: n\u00e3o se encontra. Melhor dizendo: ela se encontra sempre na condi\u00e7\u00e3o de crian\u00e7a, at\u00e9 o dia em que ter\u00e1 de enfrentar o t\u00e9dio que isso \u00e9.\u201d<\/p>\n<p style=\"text-align: right;\">Rosely Say\u00e3o, psic\u00f3loga, <em>Folha de S.Paulo<\/em> \u2013 08\/02\/2011<\/p>\n<p>\u00a0<\/p>\n<p>\u00c9 preciso, antes de tudo, se envolver com o trabalho, amar o seu of\u00edcio com todo o cora\u00e7\u00e3o. N\u00e3o paute sua vida nem sua carreira pelo dinheiro. Seja fascinado pelo realizar, que o dinheiro vir\u00e1 como consequ\u00eancia. [&#8230;] Seja sempre voc\u00ea mesmo, mas n\u00e3o seja sempre o mesmo. T\u00e3o importante quanto inventar-se \u00e9 reinventar-se.\u201d<\/p>\n<p style=\"text-align: right;\">Nizan Guanaes, publicit\u00e1rio, <em>Folha de S.Paulo<\/em> \u2013 08\/02\/2011<\/p>\n<p>\u00a0<\/p>\n<p>\u201cA inclus\u00e3o digital se torna, cada vez mais, uma quest\u00e3o cultural. [&#8230;] Como qualquer pessoa que n\u00e3o se interessa por uma \u00e1rea da medicina ou do direito at\u00e9 que se torne v\u00edtima dela, eles nunca se importaram com o digital. Mas deram o azar de terem nascido em uma \u00e9poca que ele se tornou importante. Por causa disso, muitos vivem hoje em um mundo desconfort\u00e1vel e isolado, que n\u00e3o compreende o que fazem seus filhos, seus funcion\u00e1rios e o resto do planeta.\u201d<\/p>\n<p style=\"text-align: right;\">Luli Radfahrer, <em>Folha de S.Paulo<\/em> \u2013 09\/02\/2011<\/p>\n<p>\u00a0<\/p>\n<p>\u201cA dignidade tem a capacidade de transformar. Tamb\u00e9m a descoberta de uma identidade eg\u00edpcia transcendendo as fronteiras religiosas e de classe. \u00c9 f\u00e1cil romantizar. Este momento n\u00e3o durar\u00e1 para sempre. A pobreza e o analfabetismo n\u00e3o v\u00e3o desaparecer numa explos\u00e3o de boa vontade.\u201d<\/p>\n<p style=\"text-align: right;\">Roger Cohen, <em>The New York Times<\/em>\/<em> O Estado de S.Paulo<\/em> \u2013 11\/02\/2011<\/p>\n<p>\u00a0<\/p>\n<p>\u201cPor que ainda queremos dar aulas? O que nos leva a isso? Que sonho maluco! Ou seria uma maldi\u00e7\u00e3o? Um carma? Cruz que se leva na vida? Um sonho que bate de encontro, a uma rocha. [&#8230;] Um professor ganha menos de um cent\u00e9simo de um deputado, senador, vereador e eles nem v\u00e3o \u00e0s sess\u00f5es.\u201d<\/p>\n<p style=\"text-align: right;\">Ign\u00e1cio de Loyola Brand\u00e3o, <em>O Estado de S.Paulo<\/em> \u2013 11\/02\/2011<\/p>\n<p>\u00a0<\/p>\n<p>\u201cUltimamente, temos visto cada vez mais os jovens fugindo das decis\u00f5es futuras e cada vez mais perdidos frente \u00e0s escolhas de estudo e carreira. Ter um prop\u00f3sito na vida \u00e9 psicologicamente saud\u00e1vel e mobiliza o sujeito numa dire\u00e7\u00e3o, livrando-o da estagna\u00e7\u00e3o e dando sentido \u00e0 sua exist\u00eancia, por\u00e9m, este prop\u00f3sito n\u00e3o surge magicamente, ele \u00e9 fruto de uma constru\u00e7\u00e3o que s\u00f3 ocorre se os jovens possuem elementos para constru\u00ed-lo, e duas coisas s\u00e3o fundamentais nesta estrutura: fam\u00edlia (afeto) e estudo (experi\u00eancias e aprendizados).\u201d<\/p>\n<p style=\"text-align: right;\">Denise D\u2019Aurea Tardelli, <em>Revista Psique, Ci\u00eancia &amp; Vida<\/em> \u2013 fevereiro de 2011<\/p>\n<p>\u00a0<\/p>\n<p>\u201cO Brasil ganhou 81.620 novos empreendedores individuais em janeiro, em rela\u00e7\u00e3o aos 27.656 registrados em igual per\u00edodo de 2010. O n\u00famero representa uma m\u00e9dia de 26.000 registros por dia e 16,3% da meta nacional de formalizar 500 mil empreendedores em 2011.\u201d<\/p>\n<p style=\"text-align: right;\"><em>Revista \u00c9poca<\/em> \u2013 07\/02\/2011<\/p>\n","protected":false},"excerpt":{"rendered":"<p>\u201cPara mim, assim como para muitos outros,\u00a0o Pr\u00eamio Nobel nunca foi um objetivo. A ci\u00eancia \u00e9 atrativa por si mesma. \u00c9 fascinante descobrir coisas novas.\u201d Albert Fert, pr\u00eamio Nobel de F\u00edsica de 2007, O Estado de S.Paulo \u2013 06\/02\/2011 \u00a0 \u201cO problema surge quando o jovem come\u00e7a a migrar da vida real para a virtual [&hellip;]<\/p>\n","protected":false},"author":14,"featured_media":0,"comment_status":"open","ping_status":"open","sticky":false,"template":"","format":"standard","meta":{"ngg_post_thumbnail":0,"footnotes":""},"categories":[4778],"tags":[131,8422,5874,8374,8442],"class_list":["post-432","post","type-post","status-publish","format-standard","hentry","category-contando-os-dias","tag-educacao","tag-empreendedor","tag-politica","tag-sentido-da-vida","tag-vida-digital","count-0","even alt","author-taismachado","last"],"_links":{"self":[{"href":"https:\/\/ultimato.com.br\/sites\/taismachado\/wp-json\/wp\/v2\/posts\/432","targetHints":{"allow":["GET"]}}],"collection":[{"href":"https:\/\/ultimato.com.br\/sites\/taismachado\/wp-json\/wp\/v2\/posts"}],"about":[{"href":"https:\/\/ultimato.com.br\/sites\/taismachado\/wp-json\/wp\/v2\/types\/post"}],"author":[{"embeddable":true,"href":"https:\/\/ultimato.com.br\/sites\/taismachado\/wp-json\/wp\/v2\/users\/14"}],"replies":[{"embeddable":true,"href":"https:\/\/ultimato.com.br\/sites\/taismachado\/wp-json\/wp\/v2\/comments?post=432"}],"version-history":[{"count":2,"href":"https:\/\/ultimato.com.br\/sites\/taismachado\/wp-json\/wp\/v2\/posts\/432\/revisions"}],"predecessor-version":[{"id":434,"href":"https:\/\/ultimato.com.br\/sites\/taismachado\/wp-json\/wp\/v2\/posts\/432\/revisions\/434"}],"wp:attachment":[{"href":"https:\/\/ultimato.com.br\/sites\/taismachado\/wp-json\/wp\/v2\/media?parent=432"}],"wp:term":[{"taxonomy":"category","embeddable":true,"href":"https:\/\/ultimato.com.br\/sites\/taismachado\/wp-json\/wp\/v2\/categories?post=432"},{"taxonomy":"post_tag","embeddable":true,"href":"https:\/\/ultimato.com.br\/sites\/taismachado\/wp-json\/wp\/v2\/tags?post=432"}],"curies":[{"name":"wp","href":"https:\/\/api.w.org\/{rel}","templated":true}]}}