{"id":429,"date":"2011-02-10T13:00:18","date_gmt":"2011-02-10T13:00:18","guid":{"rendered":"http:\/\/ultimato.com.br\/sites\/taismachado\/?p=429"},"modified":"2011-02-10T16:03:35","modified_gmt":"2011-02-10T16:03:35","slug":"5%c2%aa-semana-de-2011","status":"publish","type":"post","link":"https:\/\/ultimato.com.br\/sites\/taismachado\/2011\/02\/10\/5%c2%aa-semana-de-2011\/","title":{"rendered":"5\u00aa semana de 2011"},"content":{"rendered":"<p>\u201cApesar do aumento da concess\u00e3o de bolsas de p\u00f3s-doutorado, a quantidade de pesquisadores com essa qualifica\u00e7\u00e3o deixa a desejar. Na Capes, o n\u00famero de bolsas para esse n\u00edvel chegou a 2.088 em 2009 -em 2005, 479 foram concedidas. J\u00e1 na Fapesp, 1.400 delas foram ofertadas no ano passado, contra 800 em 2005. S\u00f3 que cada doutor formado por ano na USP e na Unicamp corresponde a 0,4 p\u00f3s-doutor, em m\u00e9dia. Nos EUA, a rela\u00e7\u00e3o se inverte a favor do p\u00f3s-doutor: 1,2 para cada doutor, diz Carlos Henrique de Brito Cruz, diretor cient\u00edfico da Fapesp. \u2018Dever\u00edamos ter tr\u00eas vezes mais p\u00f3s-doutores nessas institui\u00e7\u00f5es para haver competitividade internacional\u2019.&#8221;<\/p>\n<p style=\"text-align: right;\"><em>Folha de S.Paulo<\/em> \u2013 30\/01\/2011<\/p>\n<p>\u00a0<\/p>\n<p>\u201cOs exames iniciais n\u00e3o indicaram diferen\u00e7as entre grupos, mas as resson\u00e2ncias feitas ap\u00f3s o curso mostraram um aumento na concentra\u00e7\u00e3o de massa cinzenta no hipocampo esquerdo naqueles que haviam meditado. An\u00e1lises do c\u00e9rebro todo revelaram mais quatro aumentos de massa cinzenta: no c\u00f3rtex cingulado posterior, na jun\u00e7\u00e3o temporo-parietal e mais dois no cerebelo.<\/p>\n<p>Britta H\u00f6lzel, pesquisadora da Harvard Medical School e uma das autoras do estudo, disse \u00e0 <em>Folha<\/em> que isso pode significar uma melhora em regi\u00f5es envolvidas com aprendizagem, mem\u00f3ria, emo\u00e7\u00f5es e estresse. O aumento da massa cinzenta no hipocampo \u00e9 ben\u00e9fico porque ali h\u00e1 uma maior concentra\u00e7\u00e3o de neur\u00f4nios, afirma Sonia Brucki, do departamento cient\u00edfico de neurologia cognitiva e do envelhecimento da Academia Brasileira de Neurologia. \u2018Antes, acreditava-se que a pessoa s\u00f3 perdia neur\u00f4nios durante a vida. Agora, vemos que podem brotar em qualquer fase da vida, e determinadas atividades fazem a estrutura do c\u00e9rebro mudar\u2019. Isso significa que o c\u00e9rebro adulto tamb\u00e9m \u00e9 pl\u00e1stico, capaz de ser moldado. No ano passado, um estudo dos mesmos pesquisadores j\u00e1 mostrava redu\u00e7\u00e3o da massa cinzenta na am\u00edgdala cerebral, uma regi\u00e3o relacionada \u00e0 ansiedade e ao estresse, em pessoas que fizeram medita\u00e7\u00e3o por oito semanas. Mas qualquer um que come\u00e7ar a meditar amanh\u00e3 ter\u00e1 esses mesmos efeitos ben\u00e9ficos em algumas semanas? \u2018Provavelmente sim\u2019, diz a neurologista Sonia Brucki. Ela ressalta, no entanto, que a idade m\u00e9dia dos participantes da pesquisa \u00e9 baixa e, por isso, n\u00e3o d\u00e1 para afirmar com certeza que isso acontecer\u00e1 com pessoas de todas as idades.<br \/>\nAgora, a pesquisadora Britta H\u00f6lzel quer entender como essas mudan\u00e7as no c\u00e9rebro est\u00e3o relacionadas diretamente \u00e0 melhora da vidas das pessoas. \u2018Essa \u00e9 uma \u00e1rea nova, e pouco se sabe sobre o c\u00e9rebro e os mecanismos psicol\u00f3gicos relacionados a ele. Mas os resultados at\u00e9 agora s\u00e3o animadores\u2019.\u201d<\/p>\n<p style=\"text-align: right;\">Mariana Versolato, <em>Folha de S.Paulo<\/em> \u2013 30\/01\/2011<\/p>\n<p>\u00a0<\/p>\n<p>\u201cO investimento em educa\u00e7\u00e3o traz mais do que empregos. Traz processos mais baratos, mais seguros e mais eficientes, gerando bem-estar muito al\u00e9m do c\u00edrculo familiar do cidad\u00e3o que recebeu instru\u00e7\u00e3o qualificada. Certamente compensa, mas \u00e9 preciso ter a coragem de investir hoje para colher daqui a 15 anos. \u00c9 hora de mudar isso.\u201d<\/p>\n<p style=\"text-align: right;\">Gustavo Cerbasi, <em>Folha de S.Paulo<\/em> \u2013 31\/01\/2011<\/p>\n<p>\u00a0<\/p>\n<p>\u201cCaetano tem tr\u00eas filhos religiosos. Sobre Moreno, que tende ao catolicismo, diz: \u2018Se o papa Jo\u00e3o 23 fosse santo, ele seria devoto\u2019. Seus dois filhos mais novos, Tom e Zeca, s\u00e3o evang\u00e9licos e frequentam a igreja Universal do Reino de Deus. Sobre um tropicalista gerar filhos evang\u00e9licos, Caetano diz: \u2018Minha gera\u00e7\u00e3o teve que romper com a religiosidade imposta, a deles teve que recuperar a religiosidade perdida\u2019. Caetano diz ser muito bem recebido quando vai assistir a seus filhos tocando nos cultos e afirma enxergar o bem que a religi\u00e3o fez aos dois. Paula Lavigne comenta: \u2018Zeca encontrou um conforto na religi\u00e3o. Qualquer coisa que fa\u00e7a bem aos meus filhos faz bem para mim\u2019. [&#8230;] Paula Lavigne diz que a profundidade com que Caetano lida com as quest\u00f5es mais complexas da vida faz a conviv\u00eancia com ele ser dif\u00edcil: \u2018Ele nunca vai ser completamente feliz, s\u00f3 a ignor\u00e2ncia \u00e9 feliz\u2019.\u201d<\/p>\n<p style=\"text-align: right;\">Morris Kachani e Artur Voltolini, <em>Revista Serafina<\/em>\/<em> Folha de S.Paulo<\/em> \u2013 fevereiro\/2011<\/p>\n<p>\u00a0<\/p>\n<p>\u201cDois tipos de mudan\u00e7as v\u00eam ocorrendo neste s\u00e9culo \u2013 a transi\u00e7\u00e3o de poder de um Estado dominante par outro \u00e9 um modelo familiar. Mas a difus\u00e3o do poder \u00e9 um processo mais recente. Hoje, o problema enfrentado por todos os Estados \u00e9 que muita coisa ocorre que foge ao controle at\u00e9 mesmo dos mais poderosos dentre eles. [&#8230;] Num mundo com base na informa\u00e7\u00e3o onde a inseguran\u00e7a virtual impera, a difus\u00e3o do poder poder\u00e1 ser uma amea\u00e7a maior do que a transi\u00e7\u00e3o do poder. O que significar\u00e1 exercer poder na era da informa\u00e7\u00e3o do s\u00e9culo 21? Que recursos possibilitar\u00e3o esse poder? Cada era constr\u00f3i suas pr\u00f3prias respostas. [&#8230;] A no\u00e7\u00e3o tradicional sempre foi de que o Estado com o maior Ex\u00e9rcito \u00e9 que vence. Na era da informa\u00e7\u00e3o, contudo, poder\u00e1 ser o Estado (ou n\u00e3o Estado) com o melhor argumento que ganha. Hoje n\u00e3o se sabe como medir um equil\u00edbrio de poder, muito menos como criar estrat\u00e9gias de sobreviv\u00eancia bem sucedidas para este novo mundo. [&#8230;] Como os eventos no Oriente M\u00e9dio ir\u00e3o se desenrolar, ningu\u00e9m sabe. Mas nesta era da informa\u00e7\u00e3o, a defesa da liberdade de acesso a ela ser\u00e1 um importante componente do poder inteligente.\u201d<\/p>\n<p style=\"text-align: right;\">Joseph S. Nye, ex-secret\u00e1rio adjunto da Defesa dos EUA, professor na Universidade Harvard, <em>O Estado de S.Paulo<\/em> \u2013 04\/02\/2011<\/p>\n<p>\u00a0<\/p>\n<p>\u201cPassados quase 20 anos, as metas de redu\u00e7\u00e3o de emiss\u00f5es ainda n\u00e3o foram cumpridas e elas continuam aumentando. H\u00e1 poucos meses, em Nagoya, chegou-se a uma declara\u00e7\u00e3o que reconhece a necessidade de ampliar as \u00e1reas de prote\u00e7\u00e3o e a soberania de cada pa\u00eds sobre as esp\u00e9cies da biodiversidade em seu territ\u00f3rio, bem como a necessidade de compartilhar resultados em caso de explora\u00e7\u00e3o &#8211; mas ainda faltam regras pr\u00e1ticas para esse compartilhamento. O desmatamento no mundo caiu cerca de 7 milh\u00f5es de hectares anuais, mas ainda \u00e9 muito alto. Os pa\u00edses ricos n\u00e3o aumentaram sua contribui\u00e7\u00e3o e, diz a ONU, o mundo continua com 925 milh\u00f5es de pessoas passando fome, porque t\u00eam renda di\u00e1ria inferiora a US$ 1,25 (pouco mais de R$ 2). Poder\u00e3o vir a ser mais pessoas, porque j\u00e1 nos aproximamos de 7 bilh\u00f5es no planeta e chegaremos, em meados deste s\u00e9culo, a pelo menos 8,5 bilh\u00f5es. [&#8230;] Quem encontrar\u00e1 o caminho para superar as l\u00f3gicas financeiras? Como se enfrentar\u00e3o as brutais desigualdades de renda no mundo e em cada pa\u00eds (inclusive no nosso)?\u201d<\/p>\n<p style=\"text-align: right;\">Washington Novaes, <em>O Estado de S.Paulo<\/em> \u2013 04\/02\/2011<\/p>\n<p>\u00a0<\/p>\n<p>\u201cA felicidade \u00e9 um sentimento individual t\u00e3o ef\u00eamero como vari\u00e1vel, a depender dos valores de cada pessoa. Em nossa \u00e9poca consumista, a felicidade pode ser vista como a satisfa\u00e7\u00e3o dos desejos, muitos ditados pela moda ou pelas celebridades, como um passeio pelo Rio Nilo. [&#8230;] Tamb\u00e9m a felicidade pode advir, como prop\u00f5e o budismo, de estar liberto dos desejos, ou por ficar realizado apenas com a satisfa\u00e7\u00e3o dos desejos acess\u00edveis. A felicidade \u00e9 poss\u00edvel pela perda do medo das perdas, por ter harmonia com a natureza, gra\u00e7as ao conformismo com as conting\u00eancias, pela imers\u00e3o na vida espiritual e pela contempla\u00e7\u00e3o, na dedica\u00e7\u00e3o aos necessitados, bem como em vista de uam rela\u00e7\u00e3o afetiva.\u201d<\/p>\n<p style=\"text-align: right;\">Miguel Reale J\u00fanior, advogado, foi Ministro de Justi\u00e7a, <em>O Estado de S.Paulo<\/em> \u2013 05\/02\/2011<\/p>\n","protected":false},"excerpt":{"rendered":"<p>\u201cApesar do aumento da concess\u00e3o de bolsas de p\u00f3s-doutorado, a quantidade de pesquisadores com essa qualifica\u00e7\u00e3o deixa a desejar. Na Capes, o n\u00famero de bolsas para esse n\u00edvel chegou a 2.088 em 2009 -em 2005, 479 foram concedidas. J\u00e1 na Fapesp, 1.400 delas foram ofertadas no ano passado, contra 800 em 2005. S\u00f3 que cada [&hellip;]<\/p>\n","protected":false},"author":14,"featured_media":0,"comment_status":"open","ping_status":"open","sticky":false,"template":"","format":"standard","meta":{"ngg_post_thumbnail":0,"footnotes":""},"categories":[4778],"tags":[131,5544,4008,165,5874,5938],"class_list":["post-429","post","type-post","status-publish","format-standard","hentry","category-contando-os-dias","tag-educacao","tag-felicidade","tag-meditacao","tag-meio-ambiente","tag-politica","tag-religiao","count-0","even alt","author-taismachado","last"],"_links":{"self":[{"href":"https:\/\/ultimato.com.br\/sites\/taismachado\/wp-json\/wp\/v2\/posts\/429","targetHints":{"allow":["GET"]}}],"collection":[{"href":"https:\/\/ultimato.com.br\/sites\/taismachado\/wp-json\/wp\/v2\/posts"}],"about":[{"href":"https:\/\/ultimato.com.br\/sites\/taismachado\/wp-json\/wp\/v2\/types\/post"}],"author":[{"embeddable":true,"href":"https:\/\/ultimato.com.br\/sites\/taismachado\/wp-json\/wp\/v2\/users\/14"}],"replies":[{"embeddable":true,"href":"https:\/\/ultimato.com.br\/sites\/taismachado\/wp-json\/wp\/v2\/comments?post=429"}],"version-history":[{"count":1,"href":"https:\/\/ultimato.com.br\/sites\/taismachado\/wp-json\/wp\/v2\/posts\/429\/revisions"}],"predecessor-version":[{"id":430,"href":"https:\/\/ultimato.com.br\/sites\/taismachado\/wp-json\/wp\/v2\/posts\/429\/revisions\/430"}],"wp:attachment":[{"href":"https:\/\/ultimato.com.br\/sites\/taismachado\/wp-json\/wp\/v2\/media?parent=429"}],"wp:term":[{"taxonomy":"category","embeddable":true,"href":"https:\/\/ultimato.com.br\/sites\/taismachado\/wp-json\/wp\/v2\/categories?post=429"},{"taxonomy":"post_tag","embeddable":true,"href":"https:\/\/ultimato.com.br\/sites\/taismachado\/wp-json\/wp\/v2\/tags?post=429"}],"curies":[{"name":"wp","href":"https:\/\/api.w.org\/{rel}","templated":true}]}}