{"id":400,"date":"2010-12-29T20:32:08","date_gmt":"2010-12-29T20:32:08","guid":{"rendered":"http:\/\/ultimato.com.br\/sites\/taismachado\/?p=400"},"modified":"2010-12-30T09:34:24","modified_gmt":"2010-12-30T09:34:24","slug":"29-de-dezembro-de-2010","status":"publish","type":"post","link":"https:\/\/ultimato.com.br\/sites\/taismachado\/2010\/12\/29\/29-de-dezembro-de-2010\/","title":{"rendered":"29 de dezembro de 2010"},"content":{"rendered":"<p>\u201cAs promissoras perspectivas econ\u00f4micas do Brasil deixam poucas d\u00favidas de que a influ\u00eancia internacional do pa\u00eds est\u00e1 a ponto de ter, nos pr\u00f3ximos anos, um grande impulso. \u00c0 medida que mais empresas brasileiras se tornarem multinacionais, o poder da economia e a crescente import\u00e2ncia do Brasil como produtor de energia em petr\u00f3leo, g\u00e1s e biocombust\u00edvel dar\u00e3o ao pa\u00eds, al\u00e9m disso, um papel de destaque no com\u00e9rcio internacional, nas negocia\u00e7\u00f5es sobre as mudan\u00e7as clim\u00e1ticas e em f\u00f3runs multilaterais. A extens\u00e3o e a forma dessa proemin\u00eancia internacional do Brasil, no entanto, v\u00e3o depender basicamente de dois fatores. O primeiro est\u00e1 ligado \u00e0 evolu\u00e7\u00e3o da ordem global \u2013 ou \u00e0 aus\u00eancia dela. O segundo, \u00e0s escolhas que as autoridades respons\u00e1veis pelas pol\u00edticas do Brasil far\u00e3o ao tentar usar esse novo poder geopol\u00edtico.\u201d<\/p>\n<p style=\"text-align: right;\">Ian Bremmer, cientista pol\u00edtico e presidente do grupo Eurasia, <em>Revista \u00c9poca<\/em>, 27\/12\/2010<\/p>\n<p>\u00a0<\/p>\n<p>\u201cQuais s\u00e3o as perspectivas do ambiente de neg\u00f3cios para empreendedores brasileiros na pr\u00f3xima d\u00e9cada? S\u00f3 astr\u00f3logos, cartomantes e dirigentes socialistas arriscariam t\u00e3o temer\u00e1rios progn\u00f3sticos. Mas o que poderia um economista de boa estirpe ousar quanto \u00e0 prospec\u00e7\u00e3o de t\u00e3o long\u00ednquo futuro? Apenas considera\u00e7\u00f5es que se limitem aos fundamentos e, mesmo assim, sempre no condicional. [&#8230;] O Brasil pode estar no in\u00edcio de um longo ciclo de crescimento. As reformas garantiriam uma d\u00e9cada de prosperidade. Ondas de investimento em recursos cr\u00edticos como educa\u00e7\u00e3o, log\u00edstica, recursos h\u00eddricos, energia renov\u00e1vel, agroneg\u00f3cios e o pr\u00e9-sal est\u00e3o em fase inicial. \u00c9 uma janela de oportunidade para transformar o pa\u00eds que n\u00e3o deve ser perdida.\u201d<\/p>\n<p style=\"text-align: right;\">Paulo Guedes, economista, <em>Revista \u00c9poca<\/em>, 27\/12\/2010<\/p>\n<p>\u00a0<\/p>\n<p>\u201cMais que um imperativo constitucional, a prote\u00e7\u00e3o social \u00e9 uma quest\u00e3o de direitos humanos, e cabe a todos os agentes da sociedade a responsabilidade por uma cidade mais humana, justa e solid\u00e1ria.\u201d<\/p>\n<p style=\"text-align: right;\">Floriano Pesaro, soci\u00f3logo, <em>Folha<\/em> <em>de S.Paulo<\/em> \u2013 29\/12\/2010<\/p>\n","protected":false},"excerpt":{"rendered":"<p>\u201cAs promissoras perspectivas econ\u00f4micas do Brasil deixam poucas d\u00favidas de que a influ\u00eancia internacional do pa\u00eds est\u00e1 a ponto de ter, nos pr\u00f3ximos anos, um grande impulso. \u00c0 medida que mais empresas brasileiras se tornarem multinacionais, o poder da economia e a crescente import\u00e2ncia do Brasil como produtor de energia em petr\u00f3leo, g\u00e1s e biocombust\u00edvel [&hellip;]<\/p>\n","protected":false},"author":14,"featured_media":0,"comment_status":"open","ping_status":"open","sticky":false,"template":"","format":"standard","meta":{"ngg_post_thumbnail":0,"footnotes":""},"categories":[4778],"tags":[8465,7642],"class_list":["post-400","post","type-post","status-publish","format-standard","hentry","category-contando-os-dias","tag-perspectivas","tag-sociedade","count-0","even alt","author-taismachado","last"],"_links":{"self":[{"href":"https:\/\/ultimato.com.br\/sites\/taismachado\/wp-json\/wp\/v2\/posts\/400","targetHints":{"allow":["GET"]}}],"collection":[{"href":"https:\/\/ultimato.com.br\/sites\/taismachado\/wp-json\/wp\/v2\/posts"}],"about":[{"href":"https:\/\/ultimato.com.br\/sites\/taismachado\/wp-json\/wp\/v2\/types\/post"}],"author":[{"embeddable":true,"href":"https:\/\/ultimato.com.br\/sites\/taismachado\/wp-json\/wp\/v2\/users\/14"}],"replies":[{"embeddable":true,"href":"https:\/\/ultimato.com.br\/sites\/taismachado\/wp-json\/wp\/v2\/comments?post=400"}],"version-history":[{"count":1,"href":"https:\/\/ultimato.com.br\/sites\/taismachado\/wp-json\/wp\/v2\/posts\/400\/revisions"}],"predecessor-version":[{"id":401,"href":"https:\/\/ultimato.com.br\/sites\/taismachado\/wp-json\/wp\/v2\/posts\/400\/revisions\/401"}],"wp:attachment":[{"href":"https:\/\/ultimato.com.br\/sites\/taismachado\/wp-json\/wp\/v2\/media?parent=400"}],"wp:term":[{"taxonomy":"category","embeddable":true,"href":"https:\/\/ultimato.com.br\/sites\/taismachado\/wp-json\/wp\/v2\/categories?post=400"},{"taxonomy":"post_tag","embeddable":true,"href":"https:\/\/ultimato.com.br\/sites\/taismachado\/wp-json\/wp\/v2\/tags?post=400"}],"curies":[{"name":"wp","href":"https:\/\/api.w.org\/{rel}","templated":true}]}}