{"id":398,"date":"2010-12-29T19:30:10","date_gmt":"2010-12-29T19:30:10","guid":{"rendered":"http:\/\/ultimato.com.br\/sites\/taismachado\/?p=398"},"modified":"2010-12-30T09:31:57","modified_gmt":"2010-12-30T09:31:57","slug":"28-de-dezembro-de-2010","status":"publish","type":"post","link":"https:\/\/ultimato.com.br\/sites\/taismachado\/2010\/12\/29\/28-de-dezembro-de-2010\/","title":{"rendered":"28 de dezembro de 2010"},"content":{"rendered":"<p>\u201cA triste verdade \u00e9 que estamos mais infantis do que nunca. O jornalista brit\u00e2nico Michael Bywater, em livro sobre a mat\u00e9ria (&#8220;Big Babies, Or: Why Can&#8217;t We Just Grow Up?&#8221;, grandes beb\u00eas, ou por que n\u00e3o podemos simplesmente ficar adultos), j\u00e1 tinha alertado para o fato: a todas as horas, em todos os lugares, s\u00e3o infindas as campanhas que tratam o parceiro como crian\u00e7a. Campanhas que nos dizem o que devemos ser, pensar, comer, dizer, como nos devemos comportar, vestir e at\u00e9 se despir. [&#8230;]Encontra-se na quantidade obscena de publica\u00e7\u00f5es que determinam &#8220;estilos&#8221; e &#8220;tend\u00eancias&#8221; como se um ser adulto precisasse de ter um &#8220;estilo&#8221; e cultivar uma &#8220;tend\u00eancia&#8221;. Escreve Bywater, em frase primorosa: &#8220;O meu pai n\u00e3o tinha estilo de vida. Ele tinha uma vida.&#8221; Curioso. O meu tamb\u00e9m. E o seu, leitor? No Ocidente balofo e p\u00f3s-ideol\u00f3gico, ningu\u00e9m tem uma vida para viver em paz. Porque s\u00f3 \u00e9 poss\u00edvel ser adulto quando somos deixados em paz: n\u00f3s, confrontados com as nossas escolhas e responsabilidades, sem uma m\u00e3o paternalista a guiar as nossas exist\u00eancias. O circo em volta impede essa autonomia ao prolongar perpetuamente a inf\u00e2ncia. Quando somos tratados como crian\u00e7as, dificilmente deixaremos de ser crian\u00e7as.\u201d<\/p>\n<p style=\"text-align: right;\">Jo\u00e3o Pereira Coutinho, <em>Folha<\/em> <em>de S.Paulo<\/em> \u2013 28\/12\/2010<\/p>\n<p>\u00a0<\/p>\n<p>\u201cAs empresas est\u00e3o acostumadas a cumprir objetivos e metas, como corte de custos, inova\u00e7\u00e3o e a\u00e7\u00f5es relacionadas \u00e0 sua reputa\u00e7\u00e3o. Os objetivos de sustentabilidade devem ser encarados da mesma maneira, ou seja, juntamente com os objetivos de neg\u00f3cios, e n\u00e3o como algo \u2018extra\u2019 que um dia possa ser esquecido. Acredito que o maior risco \u00e9 quando as empresas veem a sustentabilidade como um fardo, e n\u00e3o como uma oportunidade. Esse tipo de pensamento limita as inova\u00e7\u00f5es, pois as empresas entendem que s\u00f3 podem ser sustent\u00e1veis se sacrificarem os lucros. As empresas devem enxergar na sustentabilidade uma oportunidade para repensar os modelos de neg\u00f3cios, os produtos e as tecnologias. E dessa maneira achar\u00e3o novos caminhos para oferecer valor aos clientes, fornecedores e acionistas, aumentando sua competitividade e otimizando seus resultados.\u201d<\/p>\n<p style=\"text-align: right;\">Susan Svoboda, criadora su\u00ed\u00e7a do Green Transformation Lab, <em>Folha<\/em> <em>de S.Paulo<\/em> \u2013 28\/12\/2010<\/p>\n<p>\u00a0<\/p>\n<p>\u201cUsu\u00e1rios de internet de todas as faixas de idade aumentaram a utiliza\u00e7\u00e3o de redes sociais no per\u00edodo entre maio de 2008 e dezembro de 2010, de acordo com pesquisa realizada pelo instituto de pesquisas Pew. Das pessoas entre 18 e 33 anos, 83% usam hoje redes sociais, contra 67% da medi\u00e7\u00e3o anterior. J\u00e1 internautas mais velhos, de 45 anos ou mais, dobraram sua participa\u00e7\u00e3o, enquanto os de 74 anos ou mais a quadruplicaram. \u2018As redes sociais tamb\u00e9m t\u00eam apelo para os mais velhos porque permitem \u00e0queles que t\u00eam problemas de sa\u00fade falar com quem j\u00e1 passou pela mesma situa\u00e7\u00e3o\u2019, diz o diretor do Pew, Lee Rainie.\u201d<\/p>\n<p style=\"text-align: right;\"><em>Folha<\/em> <em>de S.Paulo<\/em> \u2013 28\/12\/2010<\/p>\n","protected":false},"excerpt":{"rendered":"<p>\u201cA triste verdade \u00e9 que estamos mais infantis do que nunca. O jornalista brit\u00e2nico Michael Bywater, em livro sobre a mat\u00e9ria (&#8220;Big Babies, Or: Why Can&#8217;t We Just Grow Up?&#8221;, grandes beb\u00eas, ou por que n\u00e3o podemos simplesmente ficar adultos), j\u00e1 tinha alertado para o fato: a todas as horas, em todos os lugares, s\u00e3o [&hellip;]<\/p>\n","protected":false},"author":14,"featured_media":0,"comment_status":"open","ping_status":"open","sticky":false,"template":"","format":"standard","meta":{"ngg_post_thumbnail":0,"footnotes":""},"categories":[4778],"tags":[7601,8381,8442],"class_list":["post-398","post","type-post","status-publish","format-standard","hentry","category-contando-os-dias","tag-humanidade","tag-sustentabilidade","tag-vida-digital","count-0","even alt","author-taismachado","last"],"_links":{"self":[{"href":"https:\/\/ultimato.com.br\/sites\/taismachado\/wp-json\/wp\/v2\/posts\/398","targetHints":{"allow":["GET"]}}],"collection":[{"href":"https:\/\/ultimato.com.br\/sites\/taismachado\/wp-json\/wp\/v2\/posts"}],"about":[{"href":"https:\/\/ultimato.com.br\/sites\/taismachado\/wp-json\/wp\/v2\/types\/post"}],"author":[{"embeddable":true,"href":"https:\/\/ultimato.com.br\/sites\/taismachado\/wp-json\/wp\/v2\/users\/14"}],"replies":[{"embeddable":true,"href":"https:\/\/ultimato.com.br\/sites\/taismachado\/wp-json\/wp\/v2\/comments?post=398"}],"version-history":[{"count":1,"href":"https:\/\/ultimato.com.br\/sites\/taismachado\/wp-json\/wp\/v2\/posts\/398\/revisions"}],"predecessor-version":[{"id":399,"href":"https:\/\/ultimato.com.br\/sites\/taismachado\/wp-json\/wp\/v2\/posts\/398\/revisions\/399"}],"wp:attachment":[{"href":"https:\/\/ultimato.com.br\/sites\/taismachado\/wp-json\/wp\/v2\/media?parent=398"}],"wp:term":[{"taxonomy":"category","embeddable":true,"href":"https:\/\/ultimato.com.br\/sites\/taismachado\/wp-json\/wp\/v2\/categories?post=398"},{"taxonomy":"post_tag","embeddable":true,"href":"https:\/\/ultimato.com.br\/sites\/taismachado\/wp-json\/wp\/v2\/tags?post=398"}],"curies":[{"name":"wp","href":"https:\/\/api.w.org\/{rel}","templated":true}]}}