{"id":395,"date":"2010-12-27T13:50:31","date_gmt":"2010-12-27T13:50:31","guid":{"rendered":"http:\/\/ultimato.com.br\/sites\/taismachado\/?p=395"},"modified":"2010-12-27T15:56:58","modified_gmt":"2010-12-27T15:56:58","slug":"27-de-dezembro-de-2010","status":"publish","type":"post","link":"https:\/\/ultimato.com.br\/sites\/taismachado\/2010\/12\/27\/27-de-dezembro-de-2010\/","title":{"rendered":"27 de dezembro de 2010"},"content":{"rendered":"<p>\u201cDesenvolvimento deve ser pensado como uma equa\u00e7\u00e3o que agrega desempenho econ\u00f4mico, qualidade de vida e sustentabilidade. N\u00e3o \u00e9 por acaso que o pensamento econ\u00f4mico contempor\u00e2neo busca alternativas para o PIB como medida de desenvolvimento.\u201d<\/p>\n<p style=\"text-align: right;\">Ricardo Young, <em>Folha<\/em> <em>de S.Paulo<\/em> \u2013 27\/12\/2010<\/p>\n<p>\u00a0<\/p>\n<p>\u201cQuando a a\u00e7\u00e3o educativa se d\u00e1 em uma comunidade escolar solid\u00e1ria em suas responsabilidades e na qual dificuldades e conquistas s\u00e3o compreendidas como sendo de toda a equipe, surge a paix\u00e3o pelo bom trabalho e isso tamb\u00e9m envolve os alunos. Essa \u00e9 a condi\u00e7\u00e3o primeira para a exist\u00eancia de uma verdadeira escola, o que n\u00e3o resolve todos os seus problemas nem elimina trope\u00e7os e dramas inevit\u00e1veis em qualquer atividade humana, mas cria as condi\u00e7\u00f5es para que o educar seja realizado como deve \u2013 com compromisso e emo\u00e7\u00e3o\u201d.<\/p>\n<p style=\"text-align: right;\">Luis Carlos de Menezes, f\u00edsico e educador da Universidade de S\u00e3o Paulo, <em>Revista Nova Escola<\/em>, dezembro de 2010<\/p>\n","protected":false},"excerpt":{"rendered":"<p>\u201cDesenvolvimento deve ser pensado como uma equa\u00e7\u00e3o que agrega desempenho econ\u00f4mico, qualidade de vida e sustentabilidade. N\u00e3o \u00e9 por acaso que o pensamento econ\u00f4mico contempor\u00e2neo busca alternativas para o PIB como medida de desenvolvimento.\u201d Ricardo Young, Folha de S.Paulo \u2013 27\/12\/2010 \u00a0 \u201cQuando a a\u00e7\u00e3o educativa se d\u00e1 em uma comunidade escolar solid\u00e1ria em suas [&hellip;]<\/p>\n","protected":false},"author":14,"featured_media":0,"comment_status":"open","ping_status":"open","sticky":false,"template":"","format":"standard","meta":{"ngg_post_thumbnail":0,"footnotes":""},"categories":[4778],"tags":[131,8381],"class_list":["post-395","post","type-post","status-publish","format-standard","hentry","category-contando-os-dias","tag-educacao","tag-sustentabilidade","count-0","even alt","author-taismachado","last"],"_links":{"self":[{"href":"https:\/\/ultimato.com.br\/sites\/taismachado\/wp-json\/wp\/v2\/posts\/395","targetHints":{"allow":["GET"]}}],"collection":[{"href":"https:\/\/ultimato.com.br\/sites\/taismachado\/wp-json\/wp\/v2\/posts"}],"about":[{"href":"https:\/\/ultimato.com.br\/sites\/taismachado\/wp-json\/wp\/v2\/types\/post"}],"author":[{"embeddable":true,"href":"https:\/\/ultimato.com.br\/sites\/taismachado\/wp-json\/wp\/v2\/users\/14"}],"replies":[{"embeddable":true,"href":"https:\/\/ultimato.com.br\/sites\/taismachado\/wp-json\/wp\/v2\/comments?post=395"}],"version-history":[{"count":1,"href":"https:\/\/ultimato.com.br\/sites\/taismachado\/wp-json\/wp\/v2\/posts\/395\/revisions"}],"predecessor-version":[{"id":396,"href":"https:\/\/ultimato.com.br\/sites\/taismachado\/wp-json\/wp\/v2\/posts\/395\/revisions\/396"}],"wp:attachment":[{"href":"https:\/\/ultimato.com.br\/sites\/taismachado\/wp-json\/wp\/v2\/media?parent=395"}],"wp:term":[{"taxonomy":"category","embeddable":true,"href":"https:\/\/ultimato.com.br\/sites\/taismachado\/wp-json\/wp\/v2\/categories?post=395"},{"taxonomy":"post_tag","embeddable":true,"href":"https:\/\/ultimato.com.br\/sites\/taismachado\/wp-json\/wp\/v2\/tags?post=395"}],"curies":[{"name":"wp","href":"https:\/\/api.w.org\/{rel}","templated":true}]}}