{"id":389,"date":"2010-12-27T10:14:24","date_gmt":"2010-12-27T10:14:24","guid":{"rendered":"http:\/\/ultimato.com.br\/sites\/taismachado\/?p=389"},"modified":"2010-12-27T15:35:17","modified_gmt":"2010-12-27T15:35:17","slug":"25-de-dezembro-de-2010","status":"publish","type":"post","link":"https:\/\/ultimato.com.br\/sites\/taismachado\/2010\/12\/27\/25-de-dezembro-de-2010\/","title":{"rendered":"25 de dezembro de 2010"},"content":{"rendered":"<p>\u201cO Natal traz o an\u00fancio de que Deus quer reunir a grande fam\u00edlia humana num povo de irm\u00e3os, em que a solidariedade e o amor ao pr\u00f3ximo sejam o modo normal de viver e conviver. Mesmo assim, o Natal n\u00e3o muda as coisas como por encanto, com um toque de m\u00e1gica, e o mundo continua a girar; \u00e9 de se prever que ainda continuem a existir injusti\u00e7as, guerras, viol\u00eancias, sofrimentos, desonestidades privadas e p\u00fablicas&#8230; E, ent\u00e3o, de nada valeu que o Filho de Deus tenha vindo ao mundo? Valeu! Ele n\u00e3o veio na figura de um anjo de fogo, pronto a exterminar toda resist\u00eancia, mas na forma de uma crian\u00e7a, de bra\u00e7os abertos, fraco com os fracos, pequeno com os pequenos. N\u00e3o se substitui a n\u00f3s, n\u00e3o tira nossas responsabilidades nem suprime nossa liberdade.\u201d<\/p>\n<p style=\"text-align: right;\">Cardeal Dom Odilo Pedro Scherer, arcebispo de S\u00e3o Paulo, <em>Folha<\/em> <em>de S.Paulo<\/em> \u2013 25\/12\/2010<\/p>\n","protected":false},"excerpt":{"rendered":"<p>\u201cO Natal traz o an\u00fancio de que Deus quer reunir a grande fam\u00edlia humana num povo de irm\u00e3os, em que a solidariedade e o amor ao pr\u00f3ximo sejam o modo normal de viver e conviver. Mesmo assim, o Natal n\u00e3o muda as coisas como por encanto, com um toque de m\u00e1gica, e o mundo continua [&hellip;]<\/p>\n","protected":false},"author":14,"featured_media":0,"comment_status":"open","ping_status":"open","sticky":false,"template":"","format":"standard","meta":{"ngg_post_thumbnail":0,"footnotes":""},"categories":[4778],"tags":[5411],"class_list":["post-389","post","type-post","status-publish","format-standard","hentry","category-contando-os-dias","tag-cristianismo","count-0","even alt","author-taismachado","last"],"_links":{"self":[{"href":"https:\/\/ultimato.com.br\/sites\/taismachado\/wp-json\/wp\/v2\/posts\/389","targetHints":{"allow":["GET"]}}],"collection":[{"href":"https:\/\/ultimato.com.br\/sites\/taismachado\/wp-json\/wp\/v2\/posts"}],"about":[{"href":"https:\/\/ultimato.com.br\/sites\/taismachado\/wp-json\/wp\/v2\/types\/post"}],"author":[{"embeddable":true,"href":"https:\/\/ultimato.com.br\/sites\/taismachado\/wp-json\/wp\/v2\/users\/14"}],"replies":[{"embeddable":true,"href":"https:\/\/ultimato.com.br\/sites\/taismachado\/wp-json\/wp\/v2\/comments?post=389"}],"version-history":[{"count":1,"href":"https:\/\/ultimato.com.br\/sites\/taismachado\/wp-json\/wp\/v2\/posts\/389\/revisions"}],"predecessor-version":[{"id":390,"href":"https:\/\/ultimato.com.br\/sites\/taismachado\/wp-json\/wp\/v2\/posts\/389\/revisions\/390"}],"wp:attachment":[{"href":"https:\/\/ultimato.com.br\/sites\/taismachado\/wp-json\/wp\/v2\/media?parent=389"}],"wp:term":[{"taxonomy":"category","embeddable":true,"href":"https:\/\/ultimato.com.br\/sites\/taismachado\/wp-json\/wp\/v2\/categories?post=389"},{"taxonomy":"post_tag","embeddable":true,"href":"https:\/\/ultimato.com.br\/sites\/taismachado\/wp-json\/wp\/v2\/tags?post=389"}],"curies":[{"name":"wp","href":"https:\/\/api.w.org\/{rel}","templated":true}]}}