{"id":349,"date":"2010-12-14T12:29:26","date_gmt":"2010-12-14T12:29:26","guid":{"rendered":"http:\/\/ultimato.com.br\/sites\/taismachado\/?p=349"},"modified":"2010-12-14T14:31:26","modified_gmt":"2010-12-14T14:31:26","slug":"14-de-dezembro-de-2010","status":"publish","type":"post","link":"https:\/\/ultimato.com.br\/sites\/taismachado\/2010\/12\/14\/14-de-dezembro-de-2010\/","title":{"rendered":"14 de dezembro de 2010"},"content":{"rendered":"<p>\u201cNeste in\u00edcio de s\u00e9culo e mil\u00eanio, a mulher pode fazer um balan\u00e7o de suas conquistas. Escrava submissa do lar, objeto indefeso diante dos apetites machistas, cidad\u00e3 de segunda classe e servi\u00e7al de primeira necessidade, tudo isso ainda n\u00e3o acabou, mas est\u00e1 acabando cada vez mais depressa. A mulher lutou e conseguiu o direito ao voto, ao mercado de trabalho, ao div\u00f3rcio, \u00e0 p\u00edlula. Ganhou todas. N\u00e3o funciona mais como a favorita do sult\u00e3o &#8211; o homem.\u201d<\/p>\n<p style=\"text-align: right;\">Carlos Heitor Cony, <em>Folha<\/em> <em>de S.Paulo<\/em> \u2013 14\/12\/2010<\/p>\n<p>\u00a0<\/p>\n<p>\u201cA \u2018obriga\u00e7\u00e3o\u2019 de estar bem, aliada \u00e0s mensagens onipresentes de felicidade geram ansiedade, diz Ana Maria Rossi, presidente no Brasil da International Stress Management Association. Segundo pesquisa da associa\u00e7\u00e3o, feita em 2009 com 678 pessoas de 25 a 50 anos, o estresse individual aumenta 75% e atinge 80% da popula\u00e7\u00e3o no per\u00edodo que vai da \u00faltima semana de novembro at\u00e9 o fim de dezembro. Por isso, nos prontos-socorros, h\u00e1 aumento dos casos relacionados a ansiedade e depress\u00e3o, segundo Daniel Magnoni, diretor de nutri\u00e7\u00e3o do Hospital do Cora\u00e7\u00e3o. No CVV (Centro de Valoriza\u00e7\u00e3o da Vida), o n\u00famero de liga\u00e7\u00f5es sobe 20% na \u00e9poca. As fontes de estresse e de piora do quadro de depress\u00e3o envolvem expectativas n\u00e3o atingidas em rela\u00e7\u00e3o aos presentes e \u00e0s festas, sobrecarga de fun\u00e7\u00f5es e atividades, solid\u00e3o, frustra\u00e7\u00e3o e culpa ao fazer um balan\u00e7o negativo do ano que termina. As emo\u00e7\u00f5es e as recorda\u00e7\u00f5es do reencontro familiar, positivas ou negativas, tamb\u00e9m podem ser um gatilho.\u201d<\/p>\n<p style=\"text-align: right;\">Mariana Versolato, <em>Folha<\/em> <em>de S.Paulo<\/em> \u2013 14\/12\/2010<\/p>\n<p>\u00a0<\/p>\n<p>\u201cDeus \u00e9 como Fernando Pessoa. Tem um monte de nomes diferentes. Viajo o mundo inteiro e sempre encontro um heter\u00f4nimo dele. Mas sempre o reconhe\u00e7o, independentemente do nome. Nos dias de hoje, em que as pessoas est\u00e3o t\u00e3o descrentes, acreditar \u00e9 um ato de rebeldia e vanguarda.\u201d<\/p>\n<p style=\"text-align: right;\">Nizan Guanaes, <em>Folha<\/em> <em>de S.Paulo<\/em> \u2013 14\/12\/2010<\/p>\n<p>\u00a0<\/p>\n<p>\u201cSempre que acontece uma trag\u00e9dia nas nossas vidas -um fracasso amoroso, uma doen\u00e7a s\u00fabita, a perda de algu\u00e9m que amamos- a velha pergunta regressa para nos assombrar: \u2018Por que eu?\u2019 \u2018Por que a mim?\u2019. A pergunta certa n\u00e3o \u00e9 essa, naturalmente. A pergunta certa seria: \u2018E por que n\u00e3o eu?\u2019, \u2018E por que n\u00e3o a mim?\u2019. [&#8230;] S\u00f3 somos verdadeiramente destru\u00eddos por aquilo que n\u00e3o controlamos quando alimentamos em n\u00f3s a ilus\u00e3o de que tudo controlamos.\u201d<\/p>\n<p style=\"text-align: right;\">Jo\u00e3o Pereira Coutinho, <em>Folha<\/em> <em>de S.Paulo<\/em> \u2013 14\/12\/2010<\/p>\n<p>\u00a0<\/p>\n<p>\u201cH\u00e1 tantas can\u00e7\u00f5es in\u00fateis, fracas para entortar o cano das armas, para ressuscitar os mortos, para engravidar as virgens, mas n\u00e3o tem import\u00e2ncia, elas continuam a ser cantadas somente pela alegria que cont\u00eam&#8230;\u201d<\/p>\n<p style=\"text-align: right;\">Rubem Alves, <em>Folha<\/em> <em>de S.Paulo<\/em> \u2013 14\/12\/2010<\/p>\n","protected":false},"excerpt":{"rendered":"<p>\u201cNeste in\u00edcio de s\u00e9culo e mil\u00eanio, a mulher pode fazer um balan\u00e7o de suas conquistas. Escrava submissa do lar, objeto indefeso diante dos apetites machistas, cidad\u00e3 de segunda classe e servi\u00e7al de primeira necessidade, tudo isso ainda n\u00e3o acabou, mas est\u00e1 acabando cada vez mais depressa. A mulher lutou e conseguiu o direito ao voto, [&hellip;]<\/p>\n","protected":false},"author":14,"featured_media":0,"comment_status":"open","ping_status":"open","sticky":false,"template":"","format":"standard","meta":{"ngg_post_thumbnail":0,"footnotes":""},"categories":[4778],"tags":[33,4796,7601,5780,5938],"class_list":["post-349","post","type-post","status-publish","format-standard","hentry","category-contando-os-dias","tag-arte","tag-depressao","tag-humanidade","tag-mulheres","tag-religiao","count-0","even alt","author-taismachado","last"],"_links":{"self":[{"href":"https:\/\/ultimato.com.br\/sites\/taismachado\/wp-json\/wp\/v2\/posts\/349","targetHints":{"allow":["GET"]}}],"collection":[{"href":"https:\/\/ultimato.com.br\/sites\/taismachado\/wp-json\/wp\/v2\/posts"}],"about":[{"href":"https:\/\/ultimato.com.br\/sites\/taismachado\/wp-json\/wp\/v2\/types\/post"}],"author":[{"embeddable":true,"href":"https:\/\/ultimato.com.br\/sites\/taismachado\/wp-json\/wp\/v2\/users\/14"}],"replies":[{"embeddable":true,"href":"https:\/\/ultimato.com.br\/sites\/taismachado\/wp-json\/wp\/v2\/comments?post=349"}],"version-history":[{"count":1,"href":"https:\/\/ultimato.com.br\/sites\/taismachado\/wp-json\/wp\/v2\/posts\/349\/revisions"}],"predecessor-version":[{"id":350,"href":"https:\/\/ultimato.com.br\/sites\/taismachado\/wp-json\/wp\/v2\/posts\/349\/revisions\/350"}],"wp:attachment":[{"href":"https:\/\/ultimato.com.br\/sites\/taismachado\/wp-json\/wp\/v2\/media?parent=349"}],"wp:term":[{"taxonomy":"category","embeddable":true,"href":"https:\/\/ultimato.com.br\/sites\/taismachado\/wp-json\/wp\/v2\/categories?post=349"},{"taxonomy":"post_tag","embeddable":true,"href":"https:\/\/ultimato.com.br\/sites\/taismachado\/wp-json\/wp\/v2\/tags?post=349"}],"curies":[{"name":"wp","href":"https:\/\/api.w.org\/{rel}","templated":true}]}}