{"id":346,"date":"2010-12-14T11:36:12","date_gmt":"2010-12-14T11:36:12","guid":{"rendered":"http:\/\/ultimato.com.br\/sites\/taismachado\/?p=346"},"modified":"2010-12-14T14:32:51","modified_gmt":"2010-12-14T14:32:51","slug":"13-de-dezembro-de-2010","status":"publish","type":"post","link":"https:\/\/ultimato.com.br\/sites\/taismachado\/2010\/12\/14\/13-de-dezembro-de-2010\/","title":{"rendered":"13 de dezembro de 2010"},"content":{"rendered":"<p>\u201cTer acesso a informa\u00e7\u00f5es de diferentes fontes, poder comparar ideia e interagir em uma discuss\u00e3o faz com que voc\u00ea tenha uma maior apropria\u00e7\u00e3o da informa\u00e7\u00e3o e seja um leitor mais cr\u00edtico\u201d.<\/p>\n<p style=\"text-align: right;\">Luciana Allan \u2013 superintendente do Instituto Crescer, <em>Folha<\/em> <em>de S.Paulo<\/em> \u2013 13\/12\/2010<\/p>\n<p>\u00a0<\/p>\n<p>\u201cA atra\u00e7\u00e3o sexual no s\u00e9culo 21, ao que parece, ainda se alimenta dos estere\u00f3tipos do s\u00e9culo 20. S\u00f3 que as mulheres, ao se equipararem ou superarem os homens na educa\u00e7\u00e3o e no mercado de trabalho, est\u00e3o tamb\u00e9m virando de ponta-cabe\u00e7a os pap\u00e9is tradicionais dos g\u00eaneros, com profundas consequ\u00eancias para a din\u00e2mica dos relacionamentos.<br \/>\nH\u00e1 um crescente contingente de mulheres de sucesso na faixa dos 30 a 40 anos que t\u00eam dificuldades para encontrar um parceiro. H\u00e1 mulheres-alfa que terminam com os homens-alfa, mas decidem colocar a carreira em segundo plano quando chegam os beb\u00eas. E h\u00e1 tamb\u00e9m um terceiro grupo, pequeno, mas crescente: o das mulheres que ganham mais que seus parceiros, gerando diversos contorcionismos comportamentais destinados a manter intacta a apar\u00eancia tradicional dos pap\u00e9is de cada g\u00eanero. [&#8230;] O psicanalista Bernard Prieur diz que os homens que ganham menos que as parceiras sofrem inseguran\u00e7as: &#8220;Eles se sentem social e pessoalmente vulner\u00e1veis. Socialmente, v\u00e3o contra mil\u00eanios de cren\u00e7as e estere\u00f3tipos que os veem como arrimo do lar. E o sucesso da parceira lhes d\u00e1 sentimento de fracasso&#8221;, disse Prieur, na edi\u00e7\u00e3o de novembro da revista francesa \u2018Marie Claire\u2019.\u201d<\/p>\n<p style=\"text-align: right;\">Katrin Bennhold, <em>The New York Times\/ Folha<\/em> <em>de S.Paulo<\/em> \u2013 13\/12\/2010<\/p>\n<p>\u00a0<\/p>\n<p>\u201cPrecisamos da fic\u00e7\u00e3o para entender as hipnotizantes possibilidades da realidade, pois, como notou o romancista israelense Amos Oz, \u2018\u00e0s vezes, os fatos amea\u00e7am a verdade\u2019.<br \/>\n[&#8230;] \u00a0Minha sensa\u00e7\u00e3o \u00e9 de que tend\u00eancias mais profundas s\u00e3o inexor\u00e1veis, qualquer que seja a express\u00e3o particular que elas encontrem.\u201d<\/p>\n<p style=\"text-align: right;\">Roger Cohen, <em>The New York Times\/ Folha<\/em> <em>de S.Paulo<\/em> \u2013 13\/12\/2010<\/p>\n<p>\u00a0<\/p>\n<p>\u201cO Twitter \u00e9 uma janela para desejos, necessidades e experi\u00eancias de atuais e potenciais clientes. [&#8230;] A capacidade de reconhecer oportunidades ao acompanhar a sabedoria coletiva ajuda a amadurecer. [&#8230;] Ouvir o Twitter serve como nossa janela para a relev\u00e2ncia. Colocar as palavras ouvidas em a\u00e7\u00e3o abre o nosso caminho para que a transmitamos e fa\u00e7amos jus a ela. Mas o sucesso de qualquer neg\u00f3cio est\u00e1 em sua capacidade de liderar conversa\u00e7\u00f5es, e n\u00e3o apenas responder a elas. E tudo come\u00e7a quando escutamos.\u201d<\/p>\n<p style=\"text-align: right;\">Brian Solis, <em>Folha<\/em> <em>de S.Paulo<\/em> \u2013 13\/12\/2010<\/p>\n<p>\u00a0<\/p>\n<p>\u201cPouco importa se voc\u00ea acredita que o &#8216;outro&#8217; seja sempre legal (mentira, existem &#8216;outros&#8217; que s\u00e3o o fim da picada), ou se voc\u00ea n\u00e3o cresceu o bastante para n\u00e3o viver como cinderela. O mundo \u00e9 mais complexo do que nosso \u2018cora\u00e7\u00e3o de estudante\u2019 imagina.\u201d<\/p>\n<p style=\"text-align: right;\">Luiz Felipe Pond\u00e9, <em>Folha<\/em> <em>de S.Paulo<\/em> \u2013 13\/12\/2010<\/p>\n","protected":false},"excerpt":{"rendered":"<p>\u201cTer acesso a informa\u00e7\u00f5es de diferentes fontes, poder comparar ideia e interagir em uma discuss\u00e3o faz com que voc\u00ea tenha uma maior apropria\u00e7\u00e3o da informa\u00e7\u00e3o e seja um leitor mais cr\u00edtico\u201d. Luciana Allan \u2013 superintendente do Instituto Crescer, Folha de S.Paulo \u2013 13\/12\/2010 \u00a0 \u201cA atra\u00e7\u00e3o sexual no s\u00e9culo 21, ao que parece, ainda se [&hellip;]<\/p>\n","protected":false},"author":14,"featured_media":0,"comment_status":"open","ping_status":"open","sticky":false,"template":"","format":"standard","meta":{"ngg_post_thumbnail":0,"footnotes":""},"categories":[4778],"tags":[33,131,5780,8393,8442],"class_list":["post-346","post","type-post","status-publish","format-standard","hentry","category-contando-os-dias","tag-arte","tag-educacao","tag-mulheres","tag-tecnologia","tag-vida-digital","count-0","even alt","author-taismachado","last"],"_links":{"self":[{"href":"https:\/\/ultimato.com.br\/sites\/taismachado\/wp-json\/wp\/v2\/posts\/346","targetHints":{"allow":["GET"]}}],"collection":[{"href":"https:\/\/ultimato.com.br\/sites\/taismachado\/wp-json\/wp\/v2\/posts"}],"about":[{"href":"https:\/\/ultimato.com.br\/sites\/taismachado\/wp-json\/wp\/v2\/types\/post"}],"author":[{"embeddable":true,"href":"https:\/\/ultimato.com.br\/sites\/taismachado\/wp-json\/wp\/v2\/users\/14"}],"replies":[{"embeddable":true,"href":"https:\/\/ultimato.com.br\/sites\/taismachado\/wp-json\/wp\/v2\/comments?post=346"}],"version-history":[{"count":3,"href":"https:\/\/ultimato.com.br\/sites\/taismachado\/wp-json\/wp\/v2\/posts\/346\/revisions"}],"predecessor-version":[{"id":351,"href":"https:\/\/ultimato.com.br\/sites\/taismachado\/wp-json\/wp\/v2\/posts\/346\/revisions\/351"}],"wp:attachment":[{"href":"https:\/\/ultimato.com.br\/sites\/taismachado\/wp-json\/wp\/v2\/media?parent=346"}],"wp:term":[{"taxonomy":"category","embeddable":true,"href":"https:\/\/ultimato.com.br\/sites\/taismachado\/wp-json\/wp\/v2\/categories?post=346"},{"taxonomy":"post_tag","embeddable":true,"href":"https:\/\/ultimato.com.br\/sites\/taismachado\/wp-json\/wp\/v2\/tags?post=346"}],"curies":[{"name":"wp","href":"https:\/\/api.w.org\/{rel}","templated":true}]}}