{"id":342,"date":"2010-12-14T10:18:09","date_gmt":"2010-12-14T10:18:09","guid":{"rendered":"http:\/\/ultimato.com.br\/sites\/taismachado\/?p=342"},"modified":"2010-12-14T14:23:57","modified_gmt":"2010-12-14T14:23:57","slug":"11-de-dezembro-de-2010","status":"publish","type":"post","link":"https:\/\/ultimato.com.br\/sites\/taismachado\/2010\/12\/14\/11-de-dezembro-de-2010\/","title":{"rendered":"11 de dezembro de 2010"},"content":{"rendered":"<p>\u201cAs imagens de Charlie Chaplin e de Adolph Hitler est\u00e3o lado a lado. Abaixo do criador de Carlitos est\u00e1 escrito \u2018n\u00e3o acredita em Deus\u2019; abaixo do l\u00edder nazista, \u2018acredita em Deus\u2019. No alto, o slogan: \u2018Religi\u00e3o n\u00e3o define car\u00e1ter\u2019. Essa \u00e9 uma das quatro propagandas que a Associa\u00e7\u00e3o Brasileira de Ateus e Agn\u00f3sticos (Atea) estaria veiculando, desde ontem, em \u00f4nibus de Porto Alegre e de Salvador. [&#8230;] A Atea argumenta, em seu site, que pretende diminuir \u2018o enorme preconceito que existe contra os ateus e caminhar rumo \u00e0 igualdade plena entre ateus e te\u00edstas\u2019. Certo. Mas a Atea, com sua campanha, parece cultivar uma esp\u00e9cie de religi\u00e3o dos descrentes, de igrejinha dos sem f\u00e9. Mais do que isso, ao copiar um tipo de propaganda que teve in\u00edcio na Inglaterra, em 2009, a associa\u00e7\u00e3o de ateus importa para o pa\u00eds um problema posti\u00e7o, que n\u00e3o \u00e9 nosso, pelo menos nesses termos. [&#8230;] N\u00e3o vamos, por favor, transformar a descren\u00e7a em Deus num del\u00edrio, para parafrasear Richard Dawkins.\u201d<\/p>\n<p style=\"text-align: right;\">Fernando de Barros e Silva, Folha de S.Paulo \u2013 11\/12\/2010<\/p>\n<p style=\"text-align: right;\">\u00a0<\/p>\n<p>\u201cSe n\u00e3o pudesse escrever, acho que teria morrido. Ou j\u00e1 estaria louco [&#8230;] Imagine bem: de repente voc\u00ea n\u00e3o consegue fazer nada sem ajuda dos outros. De cinco em cinco minutos, tenho de chamar algu\u00e9m. N\u00e3o tem sido f\u00e1cil. [&#8230;] Cristo est\u00e1 em todas as religi\u00f5es e tra\u00e7a uma dire\u00e7\u00e3o para cada um de n\u00f3s. [&#8230;] Deus quis que eu passasse por isso. Talvez para que eu n\u00e3o me ache um grande artista, para que eu compreenda que sou apenas mais um escritor, finito, como tantos outros. [&#8230;] Hoje em dia parece que ter religi\u00e3o \u00e9 coisa de retardado mental. Na verdade, a f\u00e9 em Deus \u00e9 uma das mais belas manifesta\u00e7\u00f5es da vida.\u201d<\/p>\n<p style=\"text-align: right;\">Raimundo Carrero, 62, escritor pernambucano, que sofreu um AVC (acidente vasculhar cerebral), Folha de S.Paulo \u2013 11\/12\/2010<\/p>\n<p>\u00a0<\/p>\n<p>\u201cA igreja n\u00e3o deve assumir posi\u00e7\u00e3o pol\u00edtico-partid\u00e1ria, mas tamb\u00e9m n\u00e3o pode deixar de dar crit\u00e9rios, orienta\u00e7\u00f5es para o eleitor. A igreja \u00e9 separada do Estado, mas n\u00e3o \u00e9 separada da sociedade.\u201d<\/p>\n<p style=\"text-align: right;\">Dom Raymundo Damasceno, arcebispo de Aparecida, Folha de S.Paulo \u2013 11\/12\/2010<\/p>\n","protected":false},"excerpt":{"rendered":"<p>\u201cAs imagens de Charlie Chaplin e de Adolph Hitler est\u00e3o lado a lado. Abaixo do criador de Carlitos est\u00e1 escrito \u2018n\u00e3o acredita em Deus\u2019; abaixo do l\u00edder nazista, \u2018acredita em Deus\u2019. No alto, o slogan: \u2018Religi\u00e3o n\u00e3o define car\u00e1ter\u2019. Essa \u00e9 uma das quatro propagandas que a Associa\u00e7\u00e3o Brasileira de Ateus e Agn\u00f3sticos (Atea) estaria [&hellip;]<\/p>\n","protected":false},"author":14,"featured_media":0,"comment_status":"open","ping_status":"open","sticky":false,"template":"","format":"standard","meta":{"ngg_post_thumbnail":0,"footnotes":""},"categories":[4778],"tags":[5938],"class_list":["post-342","post","type-post","status-publish","format-standard","hentry","category-contando-os-dias","tag-religiao","count-0","even alt","author-taismachado","last"],"_links":{"self":[{"href":"https:\/\/ultimato.com.br\/sites\/taismachado\/wp-json\/wp\/v2\/posts\/342","targetHints":{"allow":["GET"]}}],"collection":[{"href":"https:\/\/ultimato.com.br\/sites\/taismachado\/wp-json\/wp\/v2\/posts"}],"about":[{"href":"https:\/\/ultimato.com.br\/sites\/taismachado\/wp-json\/wp\/v2\/types\/post"}],"author":[{"embeddable":true,"href":"https:\/\/ultimato.com.br\/sites\/taismachado\/wp-json\/wp\/v2\/users\/14"}],"replies":[{"embeddable":true,"href":"https:\/\/ultimato.com.br\/sites\/taismachado\/wp-json\/wp\/v2\/comments?post=342"}],"version-history":[{"count":1,"href":"https:\/\/ultimato.com.br\/sites\/taismachado\/wp-json\/wp\/v2\/posts\/342\/revisions"}],"predecessor-version":[{"id":343,"href":"https:\/\/ultimato.com.br\/sites\/taismachado\/wp-json\/wp\/v2\/posts\/342\/revisions\/343"}],"wp:attachment":[{"href":"https:\/\/ultimato.com.br\/sites\/taismachado\/wp-json\/wp\/v2\/media?parent=342"}],"wp:term":[{"taxonomy":"category","embeddable":true,"href":"https:\/\/ultimato.com.br\/sites\/taismachado\/wp-json\/wp\/v2\/categories?post=342"},{"taxonomy":"post_tag","embeddable":true,"href":"https:\/\/ultimato.com.br\/sites\/taismachado\/wp-json\/wp\/v2\/tags?post=342"}],"curies":[{"name":"wp","href":"https:\/\/api.w.org\/{rel}","templated":true}]}}