{"id":318,"date":"2010-12-07T11:34:24","date_gmt":"2010-12-07T11:34:24","guid":{"rendered":"http:\/\/ultimato.com.br\/sites\/taismachado\/?p=318"},"modified":"2010-12-07T17:35:55","modified_gmt":"2010-12-07T17:35:55","slug":"01-de-dezembro-de-2010","status":"publish","type":"post","link":"https:\/\/ultimato.com.br\/sites\/taismachado\/2010\/12\/07\/01-de-dezembro-de-2010\/","title":{"rendered":"01 de dezembro de 2010"},"content":{"rendered":"<p>\u201cGente inteligente e diversa [as pessoas que contrato]. Muita gente monta equipes para pensar de maneira uniforme. Eu n\u00e3o quero isso. Quero gente comprometida com um mundo mais aberto e conectado, que \u00e9 nossa miss\u00e3o. Mas tamb\u00e9m quero opini\u00f5es e perspectivas diferentes.\u201d<\/p>\n<p style=\"text-align: right;\">Mark Zuckerberg, criador do Facebook \u2013 <em>Revista Exame<\/em> \u2013 01\/12\/2010<\/p>\n","protected":false},"excerpt":{"rendered":"<p>\u201cGente inteligente e diversa [as pessoas que contrato]. Muita gente monta equipes para pensar de maneira uniforme. Eu n\u00e3o quero isso. Quero gente comprometida com um mundo mais aberto e conectado, que \u00e9 nossa miss\u00e3o. Mas tamb\u00e9m quero opini\u00f5es e perspectivas diferentes.\u201d Mark Zuckerberg, criador do Facebook \u2013 Revista Exame \u2013 01\/12\/2010<\/p>\n","protected":false},"author":14,"featured_media":0,"comment_status":"open","ping_status":"open","sticky":false,"template":"","format":"standard","meta":{"ngg_post_thumbnail":0,"footnotes":""},"categories":[4778],"tags":[8452],"class_list":["post-318","post","type-post","status-publish","format-standard","hentry","category-contando-os-dias","tag-diversidade","count-0","even alt","author-taismachado","last"],"_links":{"self":[{"href":"https:\/\/ultimato.com.br\/sites\/taismachado\/wp-json\/wp\/v2\/posts\/318","targetHints":{"allow":["GET"]}}],"collection":[{"href":"https:\/\/ultimato.com.br\/sites\/taismachado\/wp-json\/wp\/v2\/posts"}],"about":[{"href":"https:\/\/ultimato.com.br\/sites\/taismachado\/wp-json\/wp\/v2\/types\/post"}],"author":[{"embeddable":true,"href":"https:\/\/ultimato.com.br\/sites\/taismachado\/wp-json\/wp\/v2\/users\/14"}],"replies":[{"embeddable":true,"href":"https:\/\/ultimato.com.br\/sites\/taismachado\/wp-json\/wp\/v2\/comments?post=318"}],"version-history":[{"count":1,"href":"https:\/\/ultimato.com.br\/sites\/taismachado\/wp-json\/wp\/v2\/posts\/318\/revisions"}],"predecessor-version":[{"id":319,"href":"https:\/\/ultimato.com.br\/sites\/taismachado\/wp-json\/wp\/v2\/posts\/318\/revisions\/319"}],"wp:attachment":[{"href":"https:\/\/ultimato.com.br\/sites\/taismachado\/wp-json\/wp\/v2\/media?parent=318"}],"wp:term":[{"taxonomy":"category","embeddable":true,"href":"https:\/\/ultimato.com.br\/sites\/taismachado\/wp-json\/wp\/v2\/categories?post=318"},{"taxonomy":"post_tag","embeddable":true,"href":"https:\/\/ultimato.com.br\/sites\/taismachado\/wp-json\/wp\/v2\/tags?post=318"}],"curies":[{"name":"wp","href":"https:\/\/api.w.org\/{rel}","templated":true}]}}