{"id":308,"date":"2010-12-07T07:21:37","date_gmt":"2010-12-07T07:21:37","guid":{"rendered":"http:\/\/ultimato.com.br\/sites\/taismachado\/?p=308"},"modified":"2010-12-07T17:23:37","modified_gmt":"2010-12-07T17:23:37","slug":"26-de-novembro-de-2010","status":"publish","type":"post","link":"https:\/\/ultimato.com.br\/sites\/taismachado\/2010\/12\/07\/26-de-novembro-de-2010\/","title":{"rendered":"26 de novembro de 2010"},"content":{"rendered":"<p>\u201cA d\u00e9cada de 1960 foi marcada por grandes conflitos e mobiliza\u00e7\u00f5es sociais, nas quais a quest\u00e3o da liberdade era fundamental. Al\u00e9m do combate contra a opress\u00e3o econ\u00f4mica e pol\u00edtica, colocou-se em debate a quest\u00e3o sexual, o racismo, a emancipa\u00e7\u00e3o da mulher, os direitos humanos, a liberdade de express\u00e3o, entre outras quest\u00f5es. A perspectiva de uma revolu\u00e7\u00e3o social colocava-se para al\u00e9m da transforma\u00e7\u00e3o do sistema econ\u00f4mica e pol\u00edtico. O confronto de gera\u00e7\u00f5es tomou dimens\u00f5es jamais imaginadas. A juventude questionava o modo de vida, propondo uma nova est\u00e9tica, novas roupas, novo comportamento, novas atitudes.\u201d<\/p>\n<p style=\"text-align: right;\">Robespierre de Oliveira \u2013 professor de filosofia \u2013 <em>Revista Cult<\/em>, novembro de 2010<\/p>\n<p>\u00a0<\/p>\n<p>\u201cNossa situa\u00e7\u00e3o atual \u00e9 exatamente o oposto daquela no in\u00edcio do s\u00e9culo XX, quando a esquerda sabia o que devia fazer, mas tinha de esperar pacientemente o momento prop\u00edcio para passar a a\u00e7\u00e3o. Hoje, n\u00e3o sabemos o que devemos fazer, mas precisamos agir imediatamente, pois nossa in\u00e9rcia poderia produzir, muito em breve, consequ\u00eancias desastrosas. Mais do que em nenhum outro momento na hist\u00f3ria, somos incitados a viver \u2018como se estiv\u00e9ssemos livres\u2019.\u201d<\/p>\n<p style=\"text-align: right;\">Slavoj Zizek, fil\u00f3sofo, <em>Le Monde Diplomatique Brasil<\/em> &#8211; novembro de 2010<\/p>\n","protected":false},"excerpt":{"rendered":"<p>\u201cA d\u00e9cada de 1960 foi marcada por grandes conflitos e mobiliza\u00e7\u00f5es sociais, nas quais a quest\u00e3o da liberdade era fundamental. Al\u00e9m do combate contra a opress\u00e3o econ\u00f4mica e pol\u00edtica, colocou-se em debate a quest\u00e3o sexual, o racismo, a emancipa\u00e7\u00e3o da mulher, os direitos humanos, a liberdade de express\u00e3o, entre outras quest\u00f5es. A perspectiva de uma [&hellip;]<\/p>\n","protected":false},"author":14,"featured_media":0,"comment_status":"open","ping_status":"open","sticky":false,"template":"","format":"standard","meta":{"ngg_post_thumbnail":0,"footnotes":""},"categories":[4778],"tags":[157],"class_list":["post-308","post","type-post","status-publish","format-standard","hentry","category-contando-os-dias","tag-juventude","count-0","even alt","author-taismachado","last"],"_links":{"self":[{"href":"https:\/\/ultimato.com.br\/sites\/taismachado\/wp-json\/wp\/v2\/posts\/308","targetHints":{"allow":["GET"]}}],"collection":[{"href":"https:\/\/ultimato.com.br\/sites\/taismachado\/wp-json\/wp\/v2\/posts"}],"about":[{"href":"https:\/\/ultimato.com.br\/sites\/taismachado\/wp-json\/wp\/v2\/types\/post"}],"author":[{"embeddable":true,"href":"https:\/\/ultimato.com.br\/sites\/taismachado\/wp-json\/wp\/v2\/users\/14"}],"replies":[{"embeddable":true,"href":"https:\/\/ultimato.com.br\/sites\/taismachado\/wp-json\/wp\/v2\/comments?post=308"}],"version-history":[{"count":1,"href":"https:\/\/ultimato.com.br\/sites\/taismachado\/wp-json\/wp\/v2\/posts\/308\/revisions"}],"predecessor-version":[{"id":309,"href":"https:\/\/ultimato.com.br\/sites\/taismachado\/wp-json\/wp\/v2\/posts\/308\/revisions\/309"}],"wp:attachment":[{"href":"https:\/\/ultimato.com.br\/sites\/taismachado\/wp-json\/wp\/v2\/media?parent=308"}],"wp:term":[{"taxonomy":"category","embeddable":true,"href":"https:\/\/ultimato.com.br\/sites\/taismachado\/wp-json\/wp\/v2\/categories?post=308"},{"taxonomy":"post_tag","embeddable":true,"href":"https:\/\/ultimato.com.br\/sites\/taismachado\/wp-json\/wp\/v2\/tags?post=308"}],"curies":[{"name":"wp","href":"https:\/\/api.w.org\/{rel}","templated":true}]}}