{"id":303,"date":"2010-11-25T12:20:56","date_gmt":"2010-11-25T12:20:56","guid":{"rendered":"http:\/\/ultimato.com.br\/sites\/taismachado\/?p=303"},"modified":"2010-11-25T15:22:19","modified_gmt":"2010-11-25T15:22:19","slug":"24-de-novembro-de-2010","status":"publish","type":"post","link":"https:\/\/ultimato.com.br\/sites\/taismachado\/2010\/11\/25\/24-de-novembro-de-2010\/","title":{"rendered":"24 de novembro de 2010"},"content":{"rendered":"<p>\u201cNo capitalismo, ser mulher, \u00e9 ter que ser bela. Se voc\u00ea n\u00e3o \u00e9 bela, voc\u00ea n\u00e3o tem o mesmo espa\u00e7o, voc\u00ea fica preterida. Essa rela\u00e7\u00e3o com a beleza \u00e9 muito forte entre as mulheres. As mulheres passam a gostar menos de si quando est\u00e3o mais velhas, n\u00e3o \u00e9 a toa que aumenta a depress\u00e3o, aumenta um monte de doen\u00e7a entre as mulheres, porque a rela\u00e7\u00e3o consigo mesmo interfere no que vai ser a sua vida, no que vai ser sua sa\u00fade, no que vai ser seu bem estar. E a gente passa a gostar menos da gente.\u201d<\/p>\n<p style=\"text-align: right;\">Nalu Faria, 52, psic\u00f3loga, <em>Revista Caros Amigos<\/em> \u2013 novembro de 2010<\/p>\n<p>\u00a0<\/p>\n<p>\u201cA doen\u00e7a aumentou minha empatia pelas pessoas. N\u00e3o s\u00f3 pelos seus sintomas neurol\u00f3gicos, mas por seu medo e sua coragem. Porque uma doen\u00e7a nunca \u00e9 s\u00f3 neurol\u00f3gica. \u00c9 emocional, \u00e9 humana, afeta a fam\u00edlia, a sociedade. Espero ter me tornado mais compreensivo.\u201d<\/p>\n<p style=\"text-align: right;\">Oliver Sacks, 77, neurologista, <em>Revista \u00c9poca<\/em>, 22\/11\/2010<\/p>\n","protected":false},"excerpt":{"rendered":"<p>\u201cNo capitalismo, ser mulher, \u00e9 ter que ser bela. Se voc\u00ea n\u00e3o \u00e9 bela, voc\u00ea n\u00e3o tem o mesmo espa\u00e7o, voc\u00ea fica preterida. Essa rela\u00e7\u00e3o com a beleza \u00e9 muito forte entre as mulheres. As mulheres passam a gostar menos de si quando est\u00e3o mais velhas, n\u00e3o \u00e9 a toa que aumenta a depress\u00e3o, aumenta [&hellip;]<\/p>\n","protected":false},"author":14,"featured_media":0,"comment_status":"open","ping_status":"open","sticky":false,"template":"","format":"standard","meta":{"ngg_post_thumbnail":0,"footnotes":""},"categories":[4778],"tags":[7601,5780],"class_list":["post-303","post","type-post","status-publish","format-standard","hentry","category-contando-os-dias","tag-humanidade","tag-mulheres","count-0","even alt","author-taismachado","last"],"_links":{"self":[{"href":"https:\/\/ultimato.com.br\/sites\/taismachado\/wp-json\/wp\/v2\/posts\/303","targetHints":{"allow":["GET"]}}],"collection":[{"href":"https:\/\/ultimato.com.br\/sites\/taismachado\/wp-json\/wp\/v2\/posts"}],"about":[{"href":"https:\/\/ultimato.com.br\/sites\/taismachado\/wp-json\/wp\/v2\/types\/post"}],"author":[{"embeddable":true,"href":"https:\/\/ultimato.com.br\/sites\/taismachado\/wp-json\/wp\/v2\/users\/14"}],"replies":[{"embeddable":true,"href":"https:\/\/ultimato.com.br\/sites\/taismachado\/wp-json\/wp\/v2\/comments?post=303"}],"version-history":[{"count":1,"href":"https:\/\/ultimato.com.br\/sites\/taismachado\/wp-json\/wp\/v2\/posts\/303\/revisions"}],"predecessor-version":[{"id":304,"href":"https:\/\/ultimato.com.br\/sites\/taismachado\/wp-json\/wp\/v2\/posts\/303\/revisions\/304"}],"wp:attachment":[{"href":"https:\/\/ultimato.com.br\/sites\/taismachado\/wp-json\/wp\/v2\/media?parent=303"}],"wp:term":[{"taxonomy":"category","embeddable":true,"href":"https:\/\/ultimato.com.br\/sites\/taismachado\/wp-json\/wp\/v2\/categories?post=303"},{"taxonomy":"post_tag","embeddable":true,"href":"https:\/\/ultimato.com.br\/sites\/taismachado\/wp-json\/wp\/v2\/tags?post=303"}],"curies":[{"name":"wp","href":"https:\/\/api.w.org\/{rel}","templated":true}]}}