{"id":296,"date":"2010-11-21T23:00:41","date_gmt":"2010-11-21T23:00:41","guid":{"rendered":"http:\/\/ultimato.com.br\/sites\/taismachado\/?p=296"},"modified":"2010-11-22T15:02:36","modified_gmt":"2010-11-22T15:02:36","slug":"21-de-novembro-de-2010","status":"publish","type":"post","link":"https:\/\/ultimato.com.br\/sites\/taismachado\/2010\/11\/21\/21-de-novembro-de-2010\/","title":{"rendered":"21 de novembro de 2010"},"content":{"rendered":"<p>\u201cEm minhas viagens vejo o que acontece em pa\u00edses disfuncionais onde os ricos simplesmente n\u00e3o ligam para os que est\u00e3o no por\u00e3o. O resultado s\u00e3o pa\u00edses sem um tecido social ou um sentimento de unidade nacional. Concentra\u00e7\u00f5es imensas de riqueza corroem a alma de qualquer na\u00e7\u00e3o.\u201d<\/p>\n<p style=\"text-align: right;\">Nicholas D. Kristof \u2013 <em>The New York Times\/O Estado de S.Paulo<\/em> \u2013 21\/11\/10<\/p>\n<p>\u00a0<\/p>\n<p>\u201cRealizada pelo Portal Educacional, a sexta edi\u00e7\u00e3o do projeto \u2018Este jovem brasileiro\u2019 contou com a participa\u00e7\u00e3o de mais de 10,5 mil alunos, de 13 a 17 anos, de 75 escolas particulares de todo o Brasil. Os jovens que responderam anonimamente a um question\u00e1rio online revelaram seus h\u00e1bitos de uso da internet, incluindo quest\u00f5es como sexo, exposi\u00e7\u00e3o, viol\u00eancia, entre outros.<\/p>\n<p>O estudo mostra o quanto essa gera\u00e7\u00e3o de conectados \u00e9 dependente da rede: 99% t\u00eam computador em casa e metade o acessa no pr\u00f3prio quarto; 23% passam noites em claro por causa da internet; 24% j\u00e1 deixaram de fazer outras coisas, como tarefas, trabalhos ou sair com os amigos, para ficar navegando na net, e 21% avaliam que seu uso est\u00e1 acima do normal ou se consideram dependentes da rede. [&#8230;]<\/p>\n<p>Comentando alguns pontos levantados pela pesquisa, como o exibicionismo, o pedagogo Antonio Carlos Gomes da Costa, autor de v\u00e1rios livros sobre educa\u00e7\u00e3o e um dos relatores do Estatuto da Crian\u00e7a e do Adolescente, afirma que a exposi\u00e7\u00e3o pessoal n\u00e3o pode ser vista e entendia fora de um contexto mais amplo, \u2018de natureza, antropol\u00f3gica-cultural, sociol\u00f3gica, psicol\u00f3gica e pedag\u00f3gica\u2019:<\/p>\n<p>&#8211; A chamada cultura p\u00f3s-moderna \u00e9 fruto de uma s\u00e9rie de macrotend\u00eancias, cujas sementes come\u00e7aram a germinar nas \u00faltimas d\u00e9cadas do s\u00e9culo 20, como a revolu\u00e7\u00e3o t\u00e9cnico-cient\u00edfica, representada no universo juvenil pelas TICs (Tecnologias da Informa\u00e7\u00e3o e Comunica\u00e7\u00e3o). A cultura p\u00f3s-moderna, com seu relativismo \u00e9tico, d\u00e1 \u00eanfase exacerbada ao hedonismo (culto do corpo e do prazer), hiperindividualismo (a satisfa\u00e7\u00e3o pessoal como medida de todas as coisas), o relativismo \u00e9tico e religiosos (tudo \u00e9 v\u00e1lido) e a nega\u00e7\u00e3o pura e simples da rela\u00e7\u00e3o entre a pol\u00edtica e a busca do bem comum. Mais do que o neoliberalismo capitalista ou o que restou do ide\u00e1rio socialista, grande parte dos jovens est\u00e1 se deixando contaminar em massa pelo \u2018neocinismo\u2019, presente de forma marcante em todas as correntes e tend\u00eancias ideol\u00f3gicas do nosso tempo. [&#8230;] O problema \u00e9 muito mais de educa\u00e7\u00e3o para valores do que de inclus\u00e3o digital. Precisamos, mais do que operar e utilizar o aparato tecnol\u00f3gico posto \u00e0 nossa disposi\u00e7\u00e3o, responder a quest\u00f5es b\u00e1sicas: que tipo de jovem queremos formar?\u2019\u201d<\/p>\n<p style=\"text-align: right;\">Vera Fiori, <em>O Estado de S.Paulo<\/em> \u2013 21\/11\/10<\/p>\n<p style=\"text-align: right;\">\u00a0<\/p>\n<p>\u201cEu escrevo sobre o cristianismo porque fui criado nele. Sou ateu, mas sou um ateu crist\u00e3o e um ateu protestante, um ateu da Igreja da Inglaterra. Nasci crist\u00e3o e cresci dentro dessa f\u00e9. Adoro as hist\u00f3rias, os hinos e a arte que vieram do cristianismo. N\u00e3o poderia, portanto, escrever sobre outras religi\u00f5es, pois n\u00e3o me sentiria em casa se o fizesse. Eu detesto com todas as minhas for\u00e7as qualquer religi\u00e3o que se considere acimas das cr\u00edticas.\u201d<\/p>\n<p style=\"text-align: right;\">Philip Pullman, escritor ingl\u00eas, <em>O Estado de S.Paulo<\/em> \u2013 21\/11\/10<\/p>\n","protected":false},"excerpt":{"rendered":"<p>\u201cEm minhas viagens vejo o que acontece em pa\u00edses disfuncionais onde os ricos simplesmente n\u00e3o ligam para os que est\u00e3o no por\u00e3o. O resultado s\u00e3o pa\u00edses sem um tecido social ou um sentimento de unidade nacional. Concentra\u00e7\u00f5es imensas de riqueza corroem a alma de qualquer na\u00e7\u00e3o.\u201d Nicholas D. Kristof \u2013 The New York Times\/O Estado [&hellip;]<\/p>\n","protected":false},"author":14,"featured_media":0,"comment_status":"open","ping_status":"open","sticky":false,"template":"","format":"standard","meta":{"ngg_post_thumbnail":0,"footnotes":""},"categories":[4778],"tags":[5536,157],"class_list":["post-296","post","type-post","status-publish","format-standard","hentry","category-contando-os-dias","tag-fe","tag-juventude","count-0","even alt","author-taismachado","last"],"_links":{"self":[{"href":"https:\/\/ultimato.com.br\/sites\/taismachado\/wp-json\/wp\/v2\/posts\/296","targetHints":{"allow":["GET"]}}],"collection":[{"href":"https:\/\/ultimato.com.br\/sites\/taismachado\/wp-json\/wp\/v2\/posts"}],"about":[{"href":"https:\/\/ultimato.com.br\/sites\/taismachado\/wp-json\/wp\/v2\/types\/post"}],"author":[{"embeddable":true,"href":"https:\/\/ultimato.com.br\/sites\/taismachado\/wp-json\/wp\/v2\/users\/14"}],"replies":[{"embeddable":true,"href":"https:\/\/ultimato.com.br\/sites\/taismachado\/wp-json\/wp\/v2\/comments?post=296"}],"version-history":[{"count":1,"href":"https:\/\/ultimato.com.br\/sites\/taismachado\/wp-json\/wp\/v2\/posts\/296\/revisions"}],"predecessor-version":[{"id":297,"href":"https:\/\/ultimato.com.br\/sites\/taismachado\/wp-json\/wp\/v2\/posts\/296\/revisions\/297"}],"wp:attachment":[{"href":"https:\/\/ultimato.com.br\/sites\/taismachado\/wp-json\/wp\/v2\/media?parent=296"}],"wp:term":[{"taxonomy":"category","embeddable":true,"href":"https:\/\/ultimato.com.br\/sites\/taismachado\/wp-json\/wp\/v2\/categories?post=296"},{"taxonomy":"post_tag","embeddable":true,"href":"https:\/\/ultimato.com.br\/sites\/taismachado\/wp-json\/wp\/v2\/tags?post=296"}],"curies":[{"name":"wp","href":"https:\/\/api.w.org\/{rel}","templated":true}]}}