{"id":287,"date":"2010-11-17T17:13:03","date_gmt":"2010-11-17T17:13:03","guid":{"rendered":"http:\/\/ultimato.com.br\/sites\/taismachado\/?p=287"},"modified":"2010-11-19T14:33:45","modified_gmt":"2010-11-19T14:33:45","slug":"17-de-novembro-de-2010","status":"publish","type":"post","link":"https:\/\/ultimato.com.br\/sites\/taismachado\/2010\/11\/17\/17-de-novembro-de-2010\/","title":{"rendered":"17 de novembro de 2010"},"content":{"rendered":"<p>&#8220;Os artistas devem procurar a inspira\u00e7\u00e3o em seu \u00e2mago; quanto mais se aprofundarem em seu \u00e2mago, mais universais ser\u00e3o.\u201d<\/p>\n<p style=\"text-align: right;\">Marina Abramovic, 63, artista, performer &#8211; <em>Folha de S.Paulo<\/em>, 17\/11\/2010<\/p>\n<p>\u00a0<\/p>\n<p>\u201cSe crian\u00e7as s\u00e3o for\u00e7adas a agir como adultos e adultos querem cada vez mais se divertir como crian\u00e7as, h\u00e1 algo de errado.\u201d<\/p>\n<p style=\"text-align: right;\">Luli Radfahrer &#8211; <em>Folha de S.Paulo<\/em>, 17\/11\/2010<\/p>\n<p style=\"text-align: right;\">\u00a0<\/p>\n<p>Luli Radfahrer &#8211; <em>Folha de S.Paulo<\/em>, 17\/11\/2010<\/p>\n<p>\u201cAproximadamente um m\u00eas ap\u00f3s o in\u00edcio da epidemia de c\u00f3lera no Haiti, o n\u00famero de mortos j\u00e1 atinge 1.034, segundo o balan\u00e7o mais recente do Minist\u00e9rio da Sa\u00fade do pa\u00eds. O n\u00famero de hospitalizados por causa da doen\u00e7a chega a 16.800.<\/p>\n<p>A Organiza\u00e7\u00e3o Pan-americana da Sa\u00fade divulgou ontem estimativa de que o n\u00famero de infectados pela epidemia deve chegar a 200 mil nos pr\u00f3ximos seis meses.<\/p>\n<p>A doen\u00e7a deve se espalhar para a vizinha Rep\u00fablica Dominicana e para outros pa\u00edses caribenhos pr\u00f3ximos.\u201d<\/p>\n<p style=\"text-align: right;\"><em>Folha de S.Paulo<\/em>, 17\/11\/2010<\/p>\n","protected":false},"excerpt":{"rendered":"<p>&#8220;Os artistas devem procurar a inspira\u00e7\u00e3o em seu \u00e2mago; quanto mais se aprofundarem em seu \u00e2mago, mais universais ser\u00e3o.\u201d Marina Abramovic, 63, artista, performer &#8211; Folha de S.Paulo, 17\/11\/2010 \u00a0 \u201cSe crian\u00e7as s\u00e3o for\u00e7adas a agir como adultos e adultos querem cada vez mais se divertir como crian\u00e7as, h\u00e1 algo de errado.\u201d Luli Radfahrer &#8211; [&hellip;]<\/p>\n","protected":false},"author":14,"featured_media":0,"comment_status":"open","ping_status":"open","sticky":false,"template":"","format":"standard","meta":{"ngg_post_thumbnail":0,"footnotes":""},"categories":[4778],"tags":[33,7601],"class_list":["post-287","post","type-post","status-publish","format-standard","hentry","category-contando-os-dias","tag-arte","tag-humanidade","count-0","even alt","author-taismachado","last"],"_links":{"self":[{"href":"https:\/\/ultimato.com.br\/sites\/taismachado\/wp-json\/wp\/v2\/posts\/287","targetHints":{"allow":["GET"]}}],"collection":[{"href":"https:\/\/ultimato.com.br\/sites\/taismachado\/wp-json\/wp\/v2\/posts"}],"about":[{"href":"https:\/\/ultimato.com.br\/sites\/taismachado\/wp-json\/wp\/v2\/types\/post"}],"author":[{"embeddable":true,"href":"https:\/\/ultimato.com.br\/sites\/taismachado\/wp-json\/wp\/v2\/users\/14"}],"replies":[{"embeddable":true,"href":"https:\/\/ultimato.com.br\/sites\/taismachado\/wp-json\/wp\/v2\/comments?post=287"}],"version-history":[{"count":2,"href":"https:\/\/ultimato.com.br\/sites\/taismachado\/wp-json\/wp\/v2\/posts\/287\/revisions"}],"predecessor-version":[{"id":293,"href":"https:\/\/ultimato.com.br\/sites\/taismachado\/wp-json\/wp\/v2\/posts\/287\/revisions\/293"}],"wp:attachment":[{"href":"https:\/\/ultimato.com.br\/sites\/taismachado\/wp-json\/wp\/v2\/media?parent=287"}],"wp:term":[{"taxonomy":"category","embeddable":true,"href":"https:\/\/ultimato.com.br\/sites\/taismachado\/wp-json\/wp\/v2\/categories?post=287"},{"taxonomy":"post_tag","embeddable":true,"href":"https:\/\/ultimato.com.br\/sites\/taismachado\/wp-json\/wp\/v2\/tags?post=287"}],"curies":[{"name":"wp","href":"https:\/\/api.w.org\/{rel}","templated":true}]}}