{"id":285,"date":"2010-11-16T23:29:29","date_gmt":"2010-11-16T23:29:29","guid":{"rendered":"http:\/\/ultimato.com.br\/sites\/taismachado\/?p=285"},"modified":"2010-11-18T00:30:48","modified_gmt":"2010-11-18T00:30:48","slug":"16-de-novembro-de-2010","status":"publish","type":"post","link":"https:\/\/ultimato.com.br\/sites\/taismachado\/2010\/11\/16\/16-de-novembro-de-2010\/","title":{"rendered":"16 de novembro de 2010"},"content":{"rendered":"<p>\u201cUma das ideias mais atuais de Hegel diz respeito ao conceito de liberdade.<br \/>\nEla consiste em lembrar que toda discuss\u00e3o sobre liberdade \u00e9 in\u00f3cua se n\u00e3o come\u00e7ar por responder quais condi\u00e7\u00f5es sociais s\u00e3o necess\u00e1rias para que uma vida livre possa ganhar realidade. [&#8230;]N\u00e3o \u00e9 poss\u00edvel ser livre sendo miser\u00e1vel. Livres escolhas s\u00e3o radicalmente limitadas na pobreza e, por consequ\u00eancia, na subservi\u00eancia social. Posso ter a ilus\u00e3o de que, mesmo com restri\u00e7\u00f5es, continuo a pensar livremente, a deliberar a partir de meu livre-arb\u00edtrio individual. No entanto, uma liberdade que se reduziu \u00e0 condi\u00e7\u00e3o de puro pensamento \u00e9 simplesmente inefetiva. Ela determina em muito pouco as motiva\u00e7\u00f5es para o nosso agir.\u201d<\/p>\n<p style=\"text-align: right;\">Vladimir Safatle &#8211; <em>Folha de S.Paulo<\/em>, 16\/11\/2010<\/p>\n<p>\u00a0<\/p>\n<p>\u201cQuase todos j\u00e1 fizemos porcaria quando jovens. \u00c9 a fase da explos\u00e3o hormonal e da vitalidade f\u00edsica, dos exageros e da insensatez, dos impulsos para desafiar o perigo, das transgress\u00f5es e dos ritos de afirma\u00e7\u00e3o diante dos (e com os) colegas.<br \/>\nMas a juventude tamb\u00e9m \u00e9 o per\u00edodo em que fixamos os valores que v\u00e3o nos servir de norte na vida adulta. O que pretendem ser quando crescer os meninos bem nascidos que se divertiam distribuindo pauladas em inocentes em plena Paulista no feriad\u00e3o escolar?\u201d<\/p>\n<p style=\"text-align: right;\">Fernando de Barros e Silva &#8211; <em>Folha de S.Paulo<\/em>, 16\/11\/2010<\/p>\n<p>\u00a0<\/p>\n<p>\u201cCom quem nossos jovens contam &#8211; al\u00e9m dos especialistas aos quais s\u00e3o encaminhados &#8211; para falar de suas ang\u00fastias, seus medos, suas insatisfa\u00e7\u00f5es e at\u00e9 mesmo do t\u00e9dio que experimentam em suas vidas? Qual \u00e9 nosso papel e nossa responsabilidade para com eles?\u201d<\/p>\n<p style=\"text-align: right;\">Rosely Say\u00e3o &#8211; <em>Folha de S.Paulo<\/em>, 16\/11\/2010<\/p>\n","protected":false},"excerpt":{"rendered":"<p>\u201cUma das ideias mais atuais de Hegel diz respeito ao conceito de liberdade. Ela consiste em lembrar que toda discuss\u00e3o sobre liberdade \u00e9 in\u00f3cua se n\u00e3o come\u00e7ar por responder quais condi\u00e7\u00f5es sociais s\u00e3o necess\u00e1rias para que uma vida livre possa ganhar realidade. [&#8230;]N\u00e3o \u00e9 poss\u00edvel ser livre sendo miser\u00e1vel. Livres escolhas s\u00e3o radicalmente limitadas na [&hellip;]<\/p>\n","protected":false},"author":14,"featured_media":0,"comment_status":"open","ping_status":"open","sticky":false,"template":"","format":"standard","meta":{"ngg_post_thumbnail":0,"footnotes":""},"categories":[4778],"tags":[157,5697],"class_list":["post-285","post","type-post","status-publish","format-standard","hentry","category-contando-os-dias","tag-juventude","tag-liberdade","count-0","even alt","author-taismachado","last"],"_links":{"self":[{"href":"https:\/\/ultimato.com.br\/sites\/taismachado\/wp-json\/wp\/v2\/posts\/285","targetHints":{"allow":["GET"]}}],"collection":[{"href":"https:\/\/ultimato.com.br\/sites\/taismachado\/wp-json\/wp\/v2\/posts"}],"about":[{"href":"https:\/\/ultimato.com.br\/sites\/taismachado\/wp-json\/wp\/v2\/types\/post"}],"author":[{"embeddable":true,"href":"https:\/\/ultimato.com.br\/sites\/taismachado\/wp-json\/wp\/v2\/users\/14"}],"replies":[{"embeddable":true,"href":"https:\/\/ultimato.com.br\/sites\/taismachado\/wp-json\/wp\/v2\/comments?post=285"}],"version-history":[{"count":1,"href":"https:\/\/ultimato.com.br\/sites\/taismachado\/wp-json\/wp\/v2\/posts\/285\/revisions"}],"predecessor-version":[{"id":286,"href":"https:\/\/ultimato.com.br\/sites\/taismachado\/wp-json\/wp\/v2\/posts\/285\/revisions\/286"}],"wp:attachment":[{"href":"https:\/\/ultimato.com.br\/sites\/taismachado\/wp-json\/wp\/v2\/media?parent=285"}],"wp:term":[{"taxonomy":"category","embeddable":true,"href":"https:\/\/ultimato.com.br\/sites\/taismachado\/wp-json\/wp\/v2\/categories?post=285"},{"taxonomy":"post_tag","embeddable":true,"href":"https:\/\/ultimato.com.br\/sites\/taismachado\/wp-json\/wp\/v2\/tags?post=285"}],"curies":[{"name":"wp","href":"https:\/\/api.w.org\/{rel}","templated":true}]}}