{"id":283,"date":"2010-11-16T08:28:02","date_gmt":"2010-11-16T08:28:02","guid":{"rendered":"http:\/\/ultimato.com.br\/sites\/taismachado\/?p=283"},"modified":"2010-11-18T00:29:20","modified_gmt":"2010-11-18T00:29:20","slug":"15-de-novembro-de-2010","status":"publish","type":"post","link":"https:\/\/ultimato.com.br\/sites\/taismachado\/2010\/11\/16\/15-de-novembro-de-2010\/","title":{"rendered":"15 de novembro de 2010"},"content":{"rendered":"<p>\u201cN\u00f3s, humanos, somos seres que habitam dois mundos. Um, &#8220;espiritual&#8221; ou &#8220;simb\u00f3lico&#8221;, onde somos livres pra &#8220;evoluir&#8221; para mundos sem guerras, cheios de amor e pessoas que se respeitam todo o tempo. Enfim, livres pra pensar em n\u00f3s mesmos de forma ideal. Outro, material, submetido \u00e0 lei da gravidade e \u00e0 mis\u00e9ria do tempo, onde sofremos a escravid\u00e3o da realidade.\u201d<\/p>\n<p style=\"text-align: right;\">Luiz Felipe Pond\u00e9 &#8211; <em>Folha de S.Paulo<\/em>, 15\/11\/2010<\/p>\n<p>\u00a0<\/p>\n<p>\u201cPoucos entenderam que n\u00e3o haver\u00e1 solu\u00e7\u00e3o para a crise financeira se n\u00e3o encontrarmos a sa\u00edda para o modo de produzir e consumir que vigora desde o in\u00edcio da era industrial. Controlar e induzir o capital para a inova\u00e7\u00e3o, para a emerg\u00eancia de uma economia verde, inclusiva e respons\u00e1vel. Este \u00e9 o caminho para a supera\u00e7\u00e3o das amea\u00e7as.<br \/>\nQuanto tempo ainda para nos convencermos?\u201d<\/p>\n<p style=\"text-align: right;\">Ricardo Young &#8211; <em>Folha de S.Paulo<\/em>, 15\/11\/2010<\/p>\n","protected":false},"excerpt":{"rendered":"<p>\u201cN\u00f3s, humanos, somos seres que habitam dois mundos. Um, &#8220;espiritual&#8221; ou &#8220;simb\u00f3lico&#8221;, onde somos livres pra &#8220;evoluir&#8221; para mundos sem guerras, cheios de amor e pessoas que se respeitam todo o tempo. Enfim, livres pra pensar em n\u00f3s mesmos de forma ideal. Outro, material, submetido \u00e0 lei da gravidade e \u00e0 mis\u00e9ria do tempo, onde [&hellip;]<\/p>\n","protected":false},"author":14,"featured_media":0,"comment_status":"open","ping_status":"open","sticky":false,"template":"","format":"standard","meta":{"ngg_post_thumbnail":0,"footnotes":""},"categories":[4778],"tags":[7601,8381],"class_list":["post-283","post","type-post","status-publish","format-standard","hentry","category-contando-os-dias","tag-humanidade","tag-sustentabilidade","count-0","even alt","author-taismachado","last"],"_links":{"self":[{"href":"https:\/\/ultimato.com.br\/sites\/taismachado\/wp-json\/wp\/v2\/posts\/283","targetHints":{"allow":["GET"]}}],"collection":[{"href":"https:\/\/ultimato.com.br\/sites\/taismachado\/wp-json\/wp\/v2\/posts"}],"about":[{"href":"https:\/\/ultimato.com.br\/sites\/taismachado\/wp-json\/wp\/v2\/types\/post"}],"author":[{"embeddable":true,"href":"https:\/\/ultimato.com.br\/sites\/taismachado\/wp-json\/wp\/v2\/users\/14"}],"replies":[{"embeddable":true,"href":"https:\/\/ultimato.com.br\/sites\/taismachado\/wp-json\/wp\/v2\/comments?post=283"}],"version-history":[{"count":1,"href":"https:\/\/ultimato.com.br\/sites\/taismachado\/wp-json\/wp\/v2\/posts\/283\/revisions"}],"predecessor-version":[{"id":284,"href":"https:\/\/ultimato.com.br\/sites\/taismachado\/wp-json\/wp\/v2\/posts\/283\/revisions\/284"}],"wp:attachment":[{"href":"https:\/\/ultimato.com.br\/sites\/taismachado\/wp-json\/wp\/v2\/media?parent=283"}],"wp:term":[{"taxonomy":"category","embeddable":true,"href":"https:\/\/ultimato.com.br\/sites\/taismachado\/wp-json\/wp\/v2\/categories?post=283"},{"taxonomy":"post_tag","embeddable":true,"href":"https:\/\/ultimato.com.br\/sites\/taismachado\/wp-json\/wp\/v2\/tags?post=283"}],"curies":[{"name":"wp","href":"https:\/\/api.w.org\/{rel}","templated":true}]}}