{"id":274,"date":"2010-11-12T18:05:10","date_gmt":"2010-11-12T18:05:10","guid":{"rendered":"http:\/\/ultimato.com.br\/sites\/taismachado\/?p=274"},"modified":"2010-11-12T21:07:04","modified_gmt":"2010-11-12T21:07:04","slug":"12-de-novembro-de-2010","status":"publish","type":"post","link":"https:\/\/ultimato.com.br\/sites\/taismachado\/2010\/11\/12\/12-de-novembro-de-2010\/","title":{"rendered":"12 de novembro de 2010"},"content":{"rendered":"<p>\u201cA universidade brasileira vive raro momento de inova\u00e7\u00e3o e expans\u00e3o, prop\u00edcio para rever pr\u00e1ticas e repensar estruturas. [&#8230;] Em 2011, mais de 120 mil estudantes estar\u00e3o matriculados em 26 cursos de gradua\u00e7\u00e3o de primeiro ciclo, em algumas das melhores universidades brasileiras. A gradua\u00e7\u00e3o se renova.\u201d<\/p>\n<p style=\"text-align: right;\">Naomar de Almeida Filho, pesquisador e professor, <em>Folha de S.Paulo<\/em> &#8211; 12\/11\/2010<\/p>\n<p>\u00a0<\/p>\n<p>\u201cAceitamos a cultura da estupidez, do adestramento do consumo. Espero que tenhamos energia e coragem para nos rebelar, para evitar a desumaniza\u00e7\u00e3o. Mas, para isso, precisamos aceitar viver sob a tens\u00e3o das d\u00favidas, das quest\u00f5es abertas. A literatura n\u00e3o resolve nada, apenas exp\u00f5e nossos problemas fundamentais.\u201d<\/p>\n<p style=\"text-align: right;\">Alberto Manguel, escritor argentino (naturalizado canadense),<em> O Estado de S.Paulo &#8211;<\/em> 12\/11\/2010<\/p>\n<p>\u00a0<\/p>\n<p>\u201cPoesia n\u00e3o pode ser feita de modo a se adequar \u00e0 religi\u00e3o ou uma ideologia. Ela proporciona conhecimento que \u00e9 explosivo e surpreendente. [&#8230;] Todo artista est\u00e1 num ex\u00edlio dentro da pr\u00f3pria linguagem. O Outro \u00e9 parte do meu ser interior. [&#8230;] Felicidade e tristeza s\u00e3o duas gotas de orvalho caindo sobre a sua cabe\u00e7a.\u201d<\/p>\n<p style=\"text-align: right;\">Adonis (pseud\u00f4nimo de Ali Ahmad Said Esber), poeta s\u00edrio, <em>O Estado de S.Paulo<\/em>, 12\/11\/2010<\/p>\n","protected":false},"excerpt":{"rendered":"<p>\u201cA universidade brasileira vive raro momento de inova\u00e7\u00e3o e expans\u00e3o, prop\u00edcio para rever pr\u00e1ticas e repensar estruturas. [&#8230;] Em 2011, mais de 120 mil estudantes estar\u00e3o matriculados em 26 cursos de gradua\u00e7\u00e3o de primeiro ciclo, em algumas das melhores universidades brasileiras. A gradua\u00e7\u00e3o se renova.\u201d Naomar de Almeida Filho, pesquisador e professor, Folha de S.Paulo [&hellip;]<\/p>\n","protected":false},"author":14,"featured_media":0,"comment_status":"open","ping_status":"open","sticky":false,"template":"","format":"standard","meta":{"ngg_post_thumbnail":0,"footnotes":""},"categories":[4778],"tags":[33,5871,6079],"class_list":["post-274","post","type-post","status-publish","format-standard","hentry","category-contando-os-dias","tag-arte","tag-poema","tag-universidade","count-0","even alt","author-taismachado","last"],"_links":{"self":[{"href":"https:\/\/ultimato.com.br\/sites\/taismachado\/wp-json\/wp\/v2\/posts\/274","targetHints":{"allow":["GET"]}}],"collection":[{"href":"https:\/\/ultimato.com.br\/sites\/taismachado\/wp-json\/wp\/v2\/posts"}],"about":[{"href":"https:\/\/ultimato.com.br\/sites\/taismachado\/wp-json\/wp\/v2\/types\/post"}],"author":[{"embeddable":true,"href":"https:\/\/ultimato.com.br\/sites\/taismachado\/wp-json\/wp\/v2\/users\/14"}],"replies":[{"embeddable":true,"href":"https:\/\/ultimato.com.br\/sites\/taismachado\/wp-json\/wp\/v2\/comments?post=274"}],"version-history":[{"count":1,"href":"https:\/\/ultimato.com.br\/sites\/taismachado\/wp-json\/wp\/v2\/posts\/274\/revisions"}],"predecessor-version":[{"id":275,"href":"https:\/\/ultimato.com.br\/sites\/taismachado\/wp-json\/wp\/v2\/posts\/274\/revisions\/275"}],"wp:attachment":[{"href":"https:\/\/ultimato.com.br\/sites\/taismachado\/wp-json\/wp\/v2\/media?parent=274"}],"wp:term":[{"taxonomy":"category","embeddable":true,"href":"https:\/\/ultimato.com.br\/sites\/taismachado\/wp-json\/wp\/v2\/categories?post=274"},{"taxonomy":"post_tag","embeddable":true,"href":"https:\/\/ultimato.com.br\/sites\/taismachado\/wp-json\/wp\/v2\/tags?post=274"}],"curies":[{"name":"wp","href":"https:\/\/api.w.org\/{rel}","templated":true}]}}