{"id":262,"date":"2010-11-07T23:00:43","date_gmt":"2010-11-07T23:00:43","guid":{"rendered":"http:\/\/ultimato.com.br\/sites\/taismachado\/?p=262"},"modified":"2010-11-08T11:02:32","modified_gmt":"2010-11-08T11:02:32","slug":"07-de-novembro-de-2010","status":"publish","type":"post","link":"https:\/\/ultimato.com.br\/sites\/taismachado\/2010\/11\/07\/07-de-novembro-de-2010\/","title":{"rendered":"07 de novembro de 2010"},"content":{"rendered":"<p>\u201cA luta por sobreviver, ganhar dinheiro todos os dias, faz com que os pais n\u00e3o possam se ocupar da educa\u00e7\u00e3o, do lazer. Um tipo de problema comum nessas fam\u00edlias \u00e9 a dificuldade de se divertir junto. Quando as pessoas t\u00eam de se ocupar em sobreviver, pensam que n\u00e3o podem se dedicar ao l\u00fadico. E muitos problemas v\u00eam da\u00ed. Mas podem. Al\u00e9m disso, h\u00e1 falta de perspectiva de futuro. O resultado de tudo \u00e9 que a fam\u00edlia n\u00e3o sabe para que est\u00e1 junta.\u201d<\/p>\n<p style=\"text-align: right;\">Alberto Eiguer, psicanalista franc\u00eas, <em>O Estado de S.Paulo<\/em>, 07\/11\/2010<\/p>\n<p>\u00a0<\/p>\n<p>\u201cAs emiss\u00f5es de gases-estufa provenientes dos res\u00edduos s\u00f3lidos aumentaram 58% no Estado de S\u00e3o Paulo entre 1990 e 2008. No primeiro ano avaliado, o setor lan\u00e7ou para a atmosfera 5,8 milh\u00f5es de toneladas desses gases, que provocam o aquecimento global. Ap\u00f3s 18 anos o n\u00famero passou para 9,2 milh\u00f5es de toneladas. [&#8230;]<\/p>\n<p>O estudo faz o c\u00e1lculo tamb\u00e9m das emiss\u00f5es decorrentes do lixo por habitante: passaram de 205 quilos de gases-estufa em 1990 para 234 quilos em 2008 \u2013 em crescimento de 14%.\u201d<\/p>\n<p style=\"text-align: right;\">Afra Balazina, <em>O Estado de S.Paulo<\/em>, 07\/11\/2010<\/p>\n<p>\u00a0<\/p>\n<p>\u201cNossa causa \u00e9 a constru\u00e7\u00e3o de um pa\u00eds competitivo internacionalmente e capaz de manter um crescimento que se traduza em melhoria de qualidade de vida para a popula\u00e7\u00e3o, com o fim dos desn\u00edveis sociais. O tamanho de nossos sonhos e de nossas aspira\u00e7\u00f5es deve ser a medida de nosso engajamento e de nossa disposi\u00e7\u00e3o de trilhar o caminho certo.\u201d<\/p>\n<p style=\"text-align: right;\">Em\u00edlio Odebrecht, <em>Folha de S.Paulo<\/em>, 07\/11\/2010<\/p>\n<p>\u00a0<\/p>\n<p>\u201cRefletir sobre a toler\u00e2ncia que temos com pequenos delitos, desde jogar o lixo nas ruas, passar pelo acostamento, at\u00e9 a compra de produtos pirata, ou a busca do &#8220;atalho&#8221; na obten\u00e7\u00e3o da carteira de habilita\u00e7\u00e3o, que s\u00e3o encarados como se mal maior n\u00e3o causassem.<br \/>\nRecordo-me de um di\u00e1logo que mantive h\u00e1 anos sobre a sonega\u00e7\u00e3o praticada por algu\u00e9m. Essa pessoa se dizia revoltada com relatos de desvios de recursos p\u00fablicos e por causa disso decidira que o natural seria evitar pagar seus impostos.<br \/>\nRespondi dizendo que, de fato, desviar dinheiro dos cofres p\u00fablicos era conden\u00e1vel, mas n\u00e3o pagar os impostos e assim deixar de colocar a sua parte no cofre p\u00fablico \u00e9 tamb\u00e9m conden\u00e1vel e com o mesmo impacto econ\u00f4mico. N\u00e3o \u00e9 isso?<br \/>\nO que quero refor\u00e7ar \u00e9 que precisamos praticar a cidadania no dia a dia. Em outras palavras, precisamos cumprir com os nossos deveres, para nos qualificarmos, inclusive em termos morais, a fim de fazermos as cobran\u00e7as que sonhamos. \u00c9 s\u00f3 isso, mas \u00e9 tudo isso!\u201d<\/p>\n<p style=\"text-align: right;\">F\u00e1bio Colletti Barbosa, <em>Folha de S.Paulo<\/em>, 07\/11\/2010<\/p>\n","protected":false},"excerpt":{"rendered":"<p>\u201cA luta por sobreviver, ganhar dinheiro todos os dias, faz com que os pais n\u00e3o possam se ocupar da educa\u00e7\u00e3o, do lazer. Um tipo de problema comum nessas fam\u00edlias \u00e9 a dificuldade de se divertir junto. Quando as pessoas t\u00eam de se ocupar em sobreviver, pensam que n\u00e3o podem se dedicar ao l\u00fadico. E muitos [&hellip;]<\/p>\n","protected":false},"author":14,"featured_media":0,"comment_status":"open","ping_status":"open","sticky":false,"template":"","format":"standard","meta":{"ngg_post_thumbnail":0,"footnotes":""},"categories":[4778],"tags":[7636,8441,8381],"class_list":["post-262","post","type-post","status-publish","format-standard","hentry","category-contando-os-dias","tag-etica","tag-familia","tag-sustentabilidade","count-0","even alt","author-taismachado","last"],"_links":{"self":[{"href":"https:\/\/ultimato.com.br\/sites\/taismachado\/wp-json\/wp\/v2\/posts\/262","targetHints":{"allow":["GET"]}}],"collection":[{"href":"https:\/\/ultimato.com.br\/sites\/taismachado\/wp-json\/wp\/v2\/posts"}],"about":[{"href":"https:\/\/ultimato.com.br\/sites\/taismachado\/wp-json\/wp\/v2\/types\/post"}],"author":[{"embeddable":true,"href":"https:\/\/ultimato.com.br\/sites\/taismachado\/wp-json\/wp\/v2\/users\/14"}],"replies":[{"embeddable":true,"href":"https:\/\/ultimato.com.br\/sites\/taismachado\/wp-json\/wp\/v2\/comments?post=262"}],"version-history":[{"count":1,"href":"https:\/\/ultimato.com.br\/sites\/taismachado\/wp-json\/wp\/v2\/posts\/262\/revisions"}],"predecessor-version":[{"id":263,"href":"https:\/\/ultimato.com.br\/sites\/taismachado\/wp-json\/wp\/v2\/posts\/262\/revisions\/263"}],"wp:attachment":[{"href":"https:\/\/ultimato.com.br\/sites\/taismachado\/wp-json\/wp\/v2\/media?parent=262"}],"wp:term":[{"taxonomy":"category","embeddable":true,"href":"https:\/\/ultimato.com.br\/sites\/taismachado\/wp-json\/wp\/v2\/categories?post=262"},{"taxonomy":"post_tag","embeddable":true,"href":"https:\/\/ultimato.com.br\/sites\/taismachado\/wp-json\/wp\/v2\/tags?post=262"}],"curies":[{"name":"wp","href":"https:\/\/api.w.org\/{rel}","templated":true}]}}