{"id":248,"date":"2010-11-04T10:38:42","date_gmt":"2010-11-04T10:38:42","guid":{"rendered":"http:\/\/ultimato.com.br\/sites\/taismachado\/?p=248"},"modified":"2010-11-04T13:41:19","modified_gmt":"2010-11-04T13:41:19","slug":"04-de-novembro-de-2010","status":"publish","type":"post","link":"https:\/\/ultimato.com.br\/sites\/taismachado\/2010\/11\/04\/04-de-novembro-de-2010\/","title":{"rendered":"04 de novembro de 2010"},"content":{"rendered":"<p>\u201cMetade dos adolescentes que se recuperam de depress\u00e3o tem uma reca\u00edda at\u00e9 cincos anos depois, n\u00e3o importando qual tenha sido o tratamento recebido. O dado \u00e9 de um estudo publicado na revista &#8216;Archives of General Psychiatry&#8217;. A pesquisa mostra tamb\u00e9m que as meninas t\u00eam mais risco do que os meninos de sofrer um segundo caso de depress\u00e3o. Isso surpreendeu os pesquisadores porque, na idade adulta, as mulheres n\u00e3o t\u00eam uma taxa de reca\u00edda maior do que a dos homens.<br \/>\nA nova pesquisa foi feita com 200 adolescentes de 12 a 17 anos que receberam antidepressivo (fluoxetina), terapia cognitivo-comportamental, ambos ou uma p\u00edlula placebo, por 12 semanas.<\/p>\n<p>Os pesquisadores j\u00e1 sabiam que os adolescentes que tomassem antidepressivo e fizessem terapia ao mesmo tempo se recuperariam mais r\u00e1pido de sua primeira depress\u00e3o. Por isso, esperava-se que eles teriam menos risco de sofrer uma reca\u00edda.<br \/>\nN\u00e3o foi o que aconteceu. [&#8230;]<\/p>\n<p>David Brent, professor de psiquiatria na Universidade de Pittsburgh, afirma que o estudo mostra a necessidade de um cuidado ap\u00f3s o tratamento, para prevenir a volta do problema.\u201d<\/p>\n<p style=\"text-align: right;\">Pam Belluck<strong>, <\/strong>do &#8220;The New York Times&#8221;, <em>Folha de S.Paulo<\/em>, 04\/11\/2010<\/p>\n<p>\u00a0<\/p>\n<p>\u201cO Brasil \u00e9 um Estado laico, sim, mas \u00e9 (ou pretende ser) acima de tudo um Estado democr\u00e1tico, que abriga e protege todos os cultos e formas de pensamento.\u201d<\/p>\n<p style=\"text-align: right;\">Carlos Heitor Cony, <em>Folha de S.Paulo<\/em>, 04\/11\/2010<\/p>\n","protected":false},"excerpt":{"rendered":"<p>\u201cMetade dos adolescentes que se recuperam de depress\u00e3o tem uma reca\u00edda at\u00e9 cincos anos depois, n\u00e3o importando qual tenha sido o tratamento recebido. O dado \u00e9 de um estudo publicado na revista &#8216;Archives of General Psychiatry&#8217;. A pesquisa mostra tamb\u00e9m que as meninas t\u00eam mais risco do que os meninos de sofrer um segundo caso [&hellip;]<\/p>\n","protected":false},"author":14,"featured_media":0,"comment_status":"open","ping_status":"open","sticky":false,"template":"","format":"standard","meta":{"ngg_post_thumbnail":0,"footnotes":""},"categories":[4778],"tags":[8437,4796,157],"class_list":["post-248","post","type-post","status-publish","format-standard","hentry","category-contando-os-dias","tag-democracia","tag-depressao","tag-juventude","count-0","even alt","author-taismachado","last"],"_links":{"self":[{"href":"https:\/\/ultimato.com.br\/sites\/taismachado\/wp-json\/wp\/v2\/posts\/248","targetHints":{"allow":["GET"]}}],"collection":[{"href":"https:\/\/ultimato.com.br\/sites\/taismachado\/wp-json\/wp\/v2\/posts"}],"about":[{"href":"https:\/\/ultimato.com.br\/sites\/taismachado\/wp-json\/wp\/v2\/types\/post"}],"author":[{"embeddable":true,"href":"https:\/\/ultimato.com.br\/sites\/taismachado\/wp-json\/wp\/v2\/users\/14"}],"replies":[{"embeddable":true,"href":"https:\/\/ultimato.com.br\/sites\/taismachado\/wp-json\/wp\/v2\/comments?post=248"}],"version-history":[{"count":2,"href":"https:\/\/ultimato.com.br\/sites\/taismachado\/wp-json\/wp\/v2\/posts\/248\/revisions"}],"predecessor-version":[{"id":250,"href":"https:\/\/ultimato.com.br\/sites\/taismachado\/wp-json\/wp\/v2\/posts\/248\/revisions\/250"}],"wp:attachment":[{"href":"https:\/\/ultimato.com.br\/sites\/taismachado\/wp-json\/wp\/v2\/media?parent=248"}],"wp:term":[{"taxonomy":"category","embeddable":true,"href":"https:\/\/ultimato.com.br\/sites\/taismachado\/wp-json\/wp\/v2\/categories?post=248"},{"taxonomy":"post_tag","embeddable":true,"href":"https:\/\/ultimato.com.br\/sites\/taismachado\/wp-json\/wp\/v2\/tags?post=248"}],"curies":[{"name":"wp","href":"https:\/\/api.w.org\/{rel}","templated":true}]}}