{"id":245,"date":"2010-11-03T13:09:01","date_gmt":"2010-11-03T13:09:01","guid":{"rendered":"http:\/\/ultimato.com.br\/sites\/taismachado\/?p=245"},"modified":"2010-11-06T21:59:08","modified_gmt":"2010-11-06T21:59:08","slug":"03-de-novembro","status":"publish","type":"post","link":"https:\/\/ultimato.com.br\/sites\/taismachado\/2010\/11\/03\/03-de-novembro\/","title":{"rendered":"03 de novembro de 2010"},"content":{"rendered":"<p>\u201cA m\u00e3o de obra tornou-se transit\u00f3ria como nunca num sistema de produ\u00e7\u00e3o marcado pela extrema tecnologia. A velha &#8220;\u00e9tica&#8221; do trabalhador, tanto na rela\u00e7\u00e3o com seus colegas quanto com o resultado de seus esfor\u00e7os, pulverizou-se no que, com certa vis\u00e3o moralizante, gosta-se de denominar o &#8220;hiperindividualismo&#8221; contempor\u00e2neo.<br \/>\nO &#8220;hiperindividualismo&#8221; existe, antes de tudo, porque o pr\u00f3prio trabalho deixou de ser algo coletivo e perdeu o pouco sentido que antes possu\u00eda. Como exigir &#8220;motiva\u00e7\u00e3o&#8221; de quem n\u00e3o passa de um apertador de bot\u00f5es e passador de cart\u00f5es de cr\u00e9dito? [&#8230;]<\/p>\n<p>Por tr\u00e1s de tudo, est\u00e1 o fato de que o trabalho se autoinventa; criam-se fun\u00e7\u00f5es e projetos para justificar o que nunca teve t\u00e3o pouco sentido; o desemprego, ou na melhor das hip\u00f3teses, o trabalho tempor\u00e1rio, \u00e9 o pesadelo do qual todos, gerentes ou n\u00e3o gerentes, gostariam de acordar.\u201d<\/p>\n<p style=\"text-align: right;\">Marcelo Coelho, <em>Folha de S.Paulo<\/em>, 03\/11\/2010<\/p>\n<p style=\"text-align: right;\">\u00a0<\/p>\n<p style=\"text-align: justify;\">\u201cQuando se olha no espelho, o brasileiro s\u00f3 v\u00ea bondade: honesto, ele valoriza a fam\u00edlia e as amizades; tem esperan\u00e7a e paci\u00eancia; \u00e9 alegre e justo. Quando olha para o lado, enxerga um pa\u00eds tomado por corrup\u00e7\u00e3o, pobreza, viol\u00eancia, burocracia e outros males. Entre um extremos e outro, o brasileiro espera o dia em que esta na\u00e7\u00e3o imperfeita seja tomada pela paz e pela justi\u00e7a social, onde haja respeito \u00e0s pessoas e boas condi\u00e7\u00f5es de vida para todos. Esse \u00e9 o quadro que emerge da pesquisa Valores Brasil 2010, feita pela Marcondes Consultoria, aplicada pelo Datafolha e publicada com exclusividade por \u00c9POCA.\u201d<\/p>\n<p style=\"text-align: right;\">Celso Masson, Rodrigo Turrer e Humberto Maia Juior, Revista <em>\u00c9poca<\/em>, 01 de novembro de 2010<\/p>\n","protected":false},"excerpt":{"rendered":"<p>\u201cA m\u00e3o de obra tornou-se transit\u00f3ria como nunca num sistema de produ\u00e7\u00e3o marcado pela extrema tecnologia. A velha &#8220;\u00e9tica&#8221; do trabalhador, tanto na rela\u00e7\u00e3o com seus colegas quanto com o resultado de seus esfor\u00e7os, pulverizou-se no que, com certa vis\u00e3o moralizante, gosta-se de denominar o &#8220;hiperindividualismo&#8221; contempor\u00e2neo. O &#8220;hiperindividualismo&#8221; existe, antes de tudo, porque o [&hellip;]<\/p>\n","protected":false},"author":14,"featured_media":0,"comment_status":"open","ping_status":"open","sticky":false,"template":"","format":"standard","meta":{"ngg_post_thumbnail":0,"footnotes":""},"categories":[4778],"tags":[5296,6062],"class_list":["post-245","post","type-post","status-publish","format-standard","hentry","category-contando-os-dias","tag-brasileiro","tag-trabalho","count-0","even alt","author-taismachado","last"],"_links":{"self":[{"href":"https:\/\/ultimato.com.br\/sites\/taismachado\/wp-json\/wp\/v2\/posts\/245","targetHints":{"allow":["GET"]}}],"collection":[{"href":"https:\/\/ultimato.com.br\/sites\/taismachado\/wp-json\/wp\/v2\/posts"}],"about":[{"href":"https:\/\/ultimato.com.br\/sites\/taismachado\/wp-json\/wp\/v2\/types\/post"}],"author":[{"embeddable":true,"href":"https:\/\/ultimato.com.br\/sites\/taismachado\/wp-json\/wp\/v2\/users\/14"}],"replies":[{"embeddable":true,"href":"https:\/\/ultimato.com.br\/sites\/taismachado\/wp-json\/wp\/v2\/comments?post=245"}],"version-history":[{"count":2,"href":"https:\/\/ultimato.com.br\/sites\/taismachado\/wp-json\/wp\/v2\/posts\/245\/revisions"}],"predecessor-version":[{"id":259,"href":"https:\/\/ultimato.com.br\/sites\/taismachado\/wp-json\/wp\/v2\/posts\/245\/revisions\/259"}],"wp:attachment":[{"href":"https:\/\/ultimato.com.br\/sites\/taismachado\/wp-json\/wp\/v2\/media?parent=245"}],"wp:term":[{"taxonomy":"category","embeddable":true,"href":"https:\/\/ultimato.com.br\/sites\/taismachado\/wp-json\/wp\/v2\/categories?post=245"},{"taxonomy":"post_tag","embeddable":true,"href":"https:\/\/ultimato.com.br\/sites\/taismachado\/wp-json\/wp\/v2\/tags?post=245"}],"curies":[{"name":"wp","href":"https:\/\/api.w.org\/{rel}","templated":true}]}}