{"id":238,"date":"2010-10-31T23:03:17","date_gmt":"2010-10-31T23:03:17","guid":{"rendered":"http:\/\/ultimato.com.br\/sites\/taismachado\/?p=238"},"modified":"2010-11-03T16:05:10","modified_gmt":"2010-11-03T16:05:10","slug":"31-de-outubro-de-2010","status":"publish","type":"post","link":"https:\/\/ultimato.com.br\/sites\/taismachado\/2010\/10\/31\/31-de-outubro-de-2010\/","title":{"rendered":"31 de outubro de 2010"},"content":{"rendered":"<p>\u201cA vida universit\u00e1ria deveria ser um momento de crescimento intelectual e emocional. Infelizmente, alguns jovens se sentem no direito de postergar sua maturidade \u00e0s custas de outros.\u201d<\/p>\n<p style=\"text-align: right;\">Allan Beane, professor e autor de \u201cProteja j\u00e1 seu Filho do Bullying\u201d, <em>O Estado de S.Paulo<\/em> &#8211; 31\/10\/2010<\/p>\n<p>\u00a0<\/p>\n<p>\u201cA vida, sem d\u00favida, \u00e9 um grande e essencial assunto pol\u00edtico. Por que, ent\u00e3o, n\u00e3o se debateu a vida? Vida n\u00e3o \u00e9 meramente a sobreviv\u00eancia do ser que corre o risco de ser abortado, roubado no privil\u00e9gio de viver. Vida \u00e9 muito mais. Deveria ser.\u201d<\/p>\n<p style=\"text-align: right;\">Jos\u00e9 de Souza Martins, <em>O Estado de S.Paulo<\/em> &#8211; 31\/10\/2010<\/p>\n<p>\u00a0<\/p>\n<p>\u201cA d\u00e9cima Confer\u00eancia das Partes (COP-10) da Conven\u00e7\u00e3o sobre Diversidade Biol\u00f3gica (CDB) terminou ontem (hor\u00e1rio do Jap\u00e3o) da maneira mais inesperada [consenso entre 193 pa\u00edses em confer\u00eancia sobre biodiversidade gera o Protocolo de Nagoya]. Com sucesso. E com um esp\u00edrito renovado de esperan\u00e7a, n\u00e3o s\u00f3 sobre o futuro da biodiversidade do planeta, mas tamb\u00e9m sobre a capacidade do ser humano de tomar decis\u00f5es coletivas para a sua pr\u00f3pria sobreviv\u00eancia. Ainda que a \u00fanica sa\u00edda para isso seja colocar um valor monet\u00e1rio na vida. [&#8230;] Os textos aprovados n\u00e3o s\u00e3o perfeitos. Mas s\u00e3o realistas, do ponto de vista da sua viabilidade pol\u00edtica e financeira. As metas deveriam ser mais ambiciosas, mas s\u00e3o suficientemente fortes para dar \u00e0 COP-10 o r\u00f3tulo de sucesso. O que isso representar\u00e1 para o futuro, s\u00f3 o tempo vai dizer. As decis\u00f5es n\u00e3o t\u00eam for\u00e7a de lei. S\u00e3o acordos pol\u00edticos. E assim como no caso das mudan\u00e7as clim\u00e1ticas e do Protocolo de Kyoto, a obrigatoriedade de coloca-los em pr\u00e1tica cabe a cada pa\u00eds.\u201d<\/p>\n<p style=\"text-align: right;\">Herton Escobar, <em>O Estado de S.Paulo<\/em> &#8211; 31\/10\/2010<\/p>\n<p>\u00a0<\/p>\n<p>\u201cAo contr\u00e1rio de um Richard Dawkins, n\u00e3o quero converter ningu\u00e9m \u00e0 cren\u00e7a na descren\u00e7a. Conhe\u00e7o muitas pessoas cuja religiosidade n\u00e3o tem nada a ver com fanatismo ou avers\u00e3o \u00e0 ci\u00eancia. Por que eu ia querer convenc\u00ea-las a mudar de opini\u00e3o?\u201d<\/p>\n<p style=\"text-align: right;\">Daniel Piza, <em>O Estado de S.Paulo<\/em> &#8211; 31\/10\/2010<\/p>\n<p>\u00a0<\/p>\n<p>\u201cVoc\u00ea se torna um m\u00fasico porque gosta de m\u00fasica&#8230; mas, com o tempo, quando voc\u00ea tem um emprego e come\u00e7a a trabalhar semanalmente, a m\u00fasica se torna uma rotina. Minha preocupa\u00e7\u00e3o \u00e9 evitar a rotina. O desafio n\u00e3o \u00e9 tanto modificar o som, mas conectar-se e criar algo especial. Um concerto \u00e9 como um ritual, mas \u00e0s vezes o ritual se torna cansativo. E \u00e9 por isso que mesmo eu, \u00e0s vezes, quando vou a um concerto, penso, \u2018Oh, meu Deus, precisamos de alguma coisa mais!\u2019 Os m\u00fasicos precisam dar mais. N\u00e3o precisam pular, nem gritar, mas precisam comunicar seus sentimentos.\u201d<\/p>\n<p style=\"text-align: right;\">Gustavo Dudamel, 29, maestro venezuelano, <em>O Estado de S.Paulo<\/em> &#8211; 31\/10\/2010<\/p>\n<p>\u00a0<\/p>\n<p>\u201cH\u00e1 tantas ideias novas em desenvolvimento, inspiradas por velhas estruturas. O neg\u00f3cio \u00e9 que n\u00e3o d\u00e1 para passear pelo jardim da m\u00fasica e da dan\u00e7a sem ouvir tudo que a oportunidade permite. Estou aqui para a viagem toda, para a aventura inteira, at\u00e9 o fim\u201d.<\/p>\n<p style=\"text-align: right;\">Robert Plant, cantor, <em>Rolling Stone<\/em> &#8211; outubro de 2010<\/p>\n","protected":false},"excerpt":{"rendered":"<p>\u201cA vida universit\u00e1ria deveria ser um momento de crescimento intelectual e emocional. Infelizmente, alguns jovens se sentem no direito de postergar sua maturidade \u00e0s custas de outros.\u201d Allan Beane, professor e autor de \u201cProteja j\u00e1 seu Filho do Bullying\u201d, O Estado de S.Paulo &#8211; 31\/10\/2010 \u00a0 \u201cA vida, sem d\u00favida, \u00e9 um grande e essencial [&hellip;]<\/p>\n","protected":false},"author":14,"featured_media":0,"comment_status":"open","ping_status":"open","sticky":false,"template":"","format":"standard","meta":{"ngg_post_thumbnail":0,"footnotes":""},"categories":[4778],"tags":[33,8381],"class_list":["post-238","post","type-post","status-publish","format-standard","hentry","category-contando-os-dias","tag-arte","tag-sustentabilidade","count-0","even alt","author-taismachado","last"],"_links":{"self":[{"href":"https:\/\/ultimato.com.br\/sites\/taismachado\/wp-json\/wp\/v2\/posts\/238","targetHints":{"allow":["GET"]}}],"collection":[{"href":"https:\/\/ultimato.com.br\/sites\/taismachado\/wp-json\/wp\/v2\/posts"}],"about":[{"href":"https:\/\/ultimato.com.br\/sites\/taismachado\/wp-json\/wp\/v2\/types\/post"}],"author":[{"embeddable":true,"href":"https:\/\/ultimato.com.br\/sites\/taismachado\/wp-json\/wp\/v2\/users\/14"}],"replies":[{"embeddable":true,"href":"https:\/\/ultimato.com.br\/sites\/taismachado\/wp-json\/wp\/v2\/comments?post=238"}],"version-history":[{"count":1,"href":"https:\/\/ultimato.com.br\/sites\/taismachado\/wp-json\/wp\/v2\/posts\/238\/revisions"}],"predecessor-version":[{"id":239,"href":"https:\/\/ultimato.com.br\/sites\/taismachado\/wp-json\/wp\/v2\/posts\/238\/revisions\/239"}],"wp:attachment":[{"href":"https:\/\/ultimato.com.br\/sites\/taismachado\/wp-json\/wp\/v2\/media?parent=238"}],"wp:term":[{"taxonomy":"category","embeddable":true,"href":"https:\/\/ultimato.com.br\/sites\/taismachado\/wp-json\/wp\/v2\/categories?post=238"},{"taxonomy":"post_tag","embeddable":true,"href":"https:\/\/ultimato.com.br\/sites\/taismachado\/wp-json\/wp\/v2\/tags?post=238"}],"curies":[{"name":"wp","href":"https:\/\/api.w.org\/{rel}","templated":true}]}}