{"id":236,"date":"2010-10-30T19:00:55","date_gmt":"2010-10-30T19:00:55","guid":{"rendered":"http:\/\/ultimato.com.br\/sites\/taismachado\/?p=236"},"modified":"2010-11-03T16:03:02","modified_gmt":"2010-11-03T16:03:02","slug":"30-de-outubro-de-2010","status":"publish","type":"post","link":"https:\/\/ultimato.com.br\/sites\/taismachado\/2010\/10\/30\/30-de-outubro-de-2010\/","title":{"rendered":"30 de outubro de 2010"},"content":{"rendered":"<p>\u201cSegundo pesquisa da TNS Research com 601 pessoas \u2013 encomendada pela Nokia -, 56% dos entrevistados s\u00e3o totalmente a favor de baixar arquivos de m\u00fasica e v\u00eddeo pela internet. Ao mesmo tempo 50% dos pesquisados n\u00e3o consideram criminosa a troca online de arquivos, enquanto 73% afirmam quest\u00f5es financeiras para a pr\u00e1tica. [&#8230;] \u2018As gera\u00e7\u00f5es que cresceram com as novas tecnologias foram pautadas pela cr\u00edtica ao alto custo dos bens culturais, discutem acesso \u00e0 cultura, mas nunca se esclareceu \u00e0 custa de quem\u2019, diz Ivana Crivelli, presidente da Associa\u00e7\u00e3o Paulista da Propriedade Intelectual.\u201d<\/p>\n<p style=\"text-align: right;\">Camila Fusco, <em>Folha de S.Paulo<\/em> \u2013 30\/10\/2010<\/p>\n<p>\u00a0<\/p>\n<p>\u201cUma noite maldormida \u00e9 suficiente para alterar todo o sistema de defesa do organismo. Isso \u00e9 o que mostra uma pesquisa in\u00e9dita, realizada na Universidade Federal de S\u00e3o Paulo.\u201d<\/p>\n<p style=\"text-align: right;\">Gabriela Cupani, <em>Folha de S.Paulo<\/em> \u2013 30\/10\/2010<\/p>\n<p>\u00a0<\/p>\n<p>\u201cMinha literatura \u00e9 metapol\u00edtica. Os personagens discutem pol\u00edtica, mas o livro n\u00e3o carrega uma mensagem espec\u00edfica. Se quero escrever sobre isso, escrevo um artigo e mando ao governo. Escrevo o mesmo artigo h\u00e1 50 anos, mandando o governo para o inferno, mas eles n\u00e3o me obedecem. N\u00e3o foram para o inferno. Se quero escrever uma hist\u00f3ria, escrevo um livro. [&#8230;] Eu apago mais do que escrevo. Fa\u00e7o mais de 15 vers\u00f5es de um livro. Vou apagando at\u00e9 a vers\u00e3o final. Escrevo tudo \u00e0 m\u00e3o e, no final, digito com dois dedos. N\u00e3o uso o computador para nada.\u201d<\/p>\n<p style=\"text-align: right;\">Am\u00f3s Oz, escritor israelense, <em>Folha de S.Paulo<\/em> \u2013 30\/10\/2010<\/p>\n<p>\u00a0<\/p>\n<p>\u201c\u00c9ramos maduros o bastante para saber manter nosso pr\u00f3prio espa\u00e7o. Mas pod\u00edamos dividir muito porque \u00e9ramos ambos leitores vorazes, militantes c\u00edvicos e pol\u00edticos, t\u00ednhamos um mesmo estilo de vida. [&#8230;] Quem n\u00e3o teve acesso a Saramago diz que ele era uma pessoa dif\u00edcil. Quem conviveu com ele sabe que era um homem af\u00e1vel e generoso. Tampouco era pessimista, era um intelectual que observava o mundo e via que n\u00f3s estamos sendo conduzidos ao abismo.\u201d<\/p>\n<p style=\"text-align: right;\">Pilar Del R\u00edo, jornalista espanhola, vi\u00fava do escritor Jos\u00e9 Saramago, <em>Folha de S.Paulo<\/em> \u2013 30\/10\/2010<\/p>\n<p>\u00a0<\/p>\n<p>\u201cA nossa pol\u00edtica \u00e9 sempre de duas faces: uma face externa, civilizada, respeitadora dos direitos, e uma face interna, cruel, sem eira nem beira.\u201d<\/p>\n<p style=\"text-align: right;\">\u00a0F\u00e1bio Konder Comparato, Revista <em>Caros Amigos<\/em> \u2013 outubro de 2010<\/p>\n","protected":false},"excerpt":{"rendered":"<p>\u201cSegundo pesquisa da TNS Research com 601 pessoas \u2013 encomendada pela Nokia -, 56% dos entrevistados s\u00e3o totalmente a favor de baixar arquivos de m\u00fasica e v\u00eddeo pela internet. Ao mesmo tempo 50% dos pesquisados n\u00e3o consideram criminosa a troca online de arquivos, enquanto 73% afirmam quest\u00f5es financeiras para a pr\u00e1tica. [&#8230;] \u2018As gera\u00e7\u00f5es que [&hellip;]<\/p>\n","protected":false},"author":14,"featured_media":0,"comment_status":"open","ping_status":"open","sticky":false,"template":"","format":"standard","meta":{"ngg_post_thumbnail":0,"footnotes":""},"categories":[4778],"tags":[33,7636,8390],"class_list":["post-236","post","type-post","status-publish","format-standard","hentry","category-contando-os-dias","tag-arte","tag-etica","tag-saramago","count-0","even alt","author-taismachado","last"],"_links":{"self":[{"href":"https:\/\/ultimato.com.br\/sites\/taismachado\/wp-json\/wp\/v2\/posts\/236","targetHints":{"allow":["GET"]}}],"collection":[{"href":"https:\/\/ultimato.com.br\/sites\/taismachado\/wp-json\/wp\/v2\/posts"}],"about":[{"href":"https:\/\/ultimato.com.br\/sites\/taismachado\/wp-json\/wp\/v2\/types\/post"}],"author":[{"embeddable":true,"href":"https:\/\/ultimato.com.br\/sites\/taismachado\/wp-json\/wp\/v2\/users\/14"}],"replies":[{"embeddable":true,"href":"https:\/\/ultimato.com.br\/sites\/taismachado\/wp-json\/wp\/v2\/comments?post=236"}],"version-history":[{"count":1,"href":"https:\/\/ultimato.com.br\/sites\/taismachado\/wp-json\/wp\/v2\/posts\/236\/revisions"}],"predecessor-version":[{"id":237,"href":"https:\/\/ultimato.com.br\/sites\/taismachado\/wp-json\/wp\/v2\/posts\/236\/revisions\/237"}],"wp:attachment":[{"href":"https:\/\/ultimato.com.br\/sites\/taismachado\/wp-json\/wp\/v2\/media?parent=236"}],"wp:term":[{"taxonomy":"category","embeddable":true,"href":"https:\/\/ultimato.com.br\/sites\/taismachado\/wp-json\/wp\/v2\/categories?post=236"},{"taxonomy":"post_tag","embeddable":true,"href":"https:\/\/ultimato.com.br\/sites\/taismachado\/wp-json\/wp\/v2\/tags?post=236"}],"curies":[{"name":"wp","href":"https:\/\/api.w.org\/{rel}","templated":true}]}}