{"id":230,"date":"2010-10-27T22:56:34","date_gmt":"2010-10-27T22:56:34","guid":{"rendered":"http:\/\/ultimato.com.br\/sites\/taismachado\/?p=230"},"modified":"2010-10-28T16:59:13","modified_gmt":"2010-10-28T16:59:13","slug":"27-de-outubro-de-2010","status":"publish","type":"post","link":"https:\/\/ultimato.com.br\/sites\/taismachado\/2010\/10\/27\/27-de-outubro-de-2010\/","title":{"rendered":"27 de outubro de 2010"},"content":{"rendered":"<p>\u201cNunca estamos em paz com nossa consci\u00eancia \u2013 ela \u00e9 feita para nos atormentar, para rever continuamente as consequ\u00eancias, causas e raz\u00f5es de nossos atos. Estar \u2018em paz com a consci\u00eancia\u2019 \u00e9, no fundo, n\u00e3o ter consci\u00eancia.\u201d<\/p>\n<p style=\"text-align: right;\">Christian Dunker, psicanalista, Revista <em>Mente e C\u00e9rebro<\/em>, outubro de 2010<\/p>\n<p>\u00a0<\/p>\n<p>\u201cVou me convencendo que escrever poesia, pelo menos na situa\u00e7\u00e3o contempor\u00e2nea, exige do autor a atitude de quem sabe posar para uma foto. O segredo, naturalmente, \u00e9 relaxar o rosto, abandonar aquela fixidez que normalmente nos deixa com um ar assustado e burro diante das lentes do fot\u00e1grafo.\u201d<\/p>\n<p style=\"text-align: right;\">Marcelo Coelho, <em>Folha de S.Paulo<\/em>, 27 de outubro de 2010<\/p>\n<p>\u00a0<\/p>\n<p>\u201cMerleau-Ponty sempre dizia que a filosofia n\u00e3o \u00e9 um \u00eddolo a ser adorado e venerado, pois ela nasce e se desenvolve para explicitar os problemas de nossa experi\u00eancia cotidiana, as quest\u00f5es suscitadas por nossa vida individual e coletiva. [&#8230;] Procuro fazer com que a descoberta das ideias e dos conceitos seja uma aventura ao mesmo tempo trabalhosa e prazerosa, um esfor\u00e7o para percorrer uma trilha em que as palavras aumentem de sentido, os pensamentos se alarguem e nos fa\u00e7am descobrir sempre o novo e nos tragam a alegria do conhecimento.\u201d<\/p>\n<p style=\"text-align: right;\">Marilena Chaui, Revista <em>Cult<\/em>, outubro de 2010<\/p>\n","protected":false},"excerpt":{"rendered":"<p>\u201cNunca estamos em paz com nossa consci\u00eancia \u2013 ela \u00e9 feita para nos atormentar, para rever continuamente as consequ\u00eancias, causas e raz\u00f5es de nossos atos. Estar \u2018em paz com a consci\u00eancia\u2019 \u00e9, no fundo, n\u00e3o ter consci\u00eancia.\u201d Christian Dunker, psicanalista, Revista Mente e C\u00e9rebro, outubro de 2010 \u00a0 \u201cVou me convencendo que escrever poesia, pelo [&hellip;]<\/p>\n","protected":false},"author":14,"featured_media":0,"comment_status":"open","ping_status":"open","sticky":false,"template":"","format":"standard","meta":{"ngg_post_thumbnail":0,"footnotes":""},"categories":[116],"tags":[8433,159],"class_list":["post-230","post","type-post","status-publish","format-standard","hentry","category-blog","tag-filosofia","tag-poeta","count-0","even alt","author-taismachado","last"],"_links":{"self":[{"href":"https:\/\/ultimato.com.br\/sites\/taismachado\/wp-json\/wp\/v2\/posts\/230","targetHints":{"allow":["GET"]}}],"collection":[{"href":"https:\/\/ultimato.com.br\/sites\/taismachado\/wp-json\/wp\/v2\/posts"}],"about":[{"href":"https:\/\/ultimato.com.br\/sites\/taismachado\/wp-json\/wp\/v2\/types\/post"}],"author":[{"embeddable":true,"href":"https:\/\/ultimato.com.br\/sites\/taismachado\/wp-json\/wp\/v2\/users\/14"}],"replies":[{"embeddable":true,"href":"https:\/\/ultimato.com.br\/sites\/taismachado\/wp-json\/wp\/v2\/comments?post=230"}],"version-history":[{"count":1,"href":"https:\/\/ultimato.com.br\/sites\/taismachado\/wp-json\/wp\/v2\/posts\/230\/revisions"}],"predecessor-version":[{"id":231,"href":"https:\/\/ultimato.com.br\/sites\/taismachado\/wp-json\/wp\/v2\/posts\/230\/revisions\/231"}],"wp:attachment":[{"href":"https:\/\/ultimato.com.br\/sites\/taismachado\/wp-json\/wp\/v2\/media?parent=230"}],"wp:term":[{"taxonomy":"category","embeddable":true,"href":"https:\/\/ultimato.com.br\/sites\/taismachado\/wp-json\/wp\/v2\/categories?post=230"},{"taxonomy":"post_tag","embeddable":true,"href":"https:\/\/ultimato.com.br\/sites\/taismachado\/wp-json\/wp\/v2\/tags?post=230"}],"curies":[{"name":"wp","href":"https:\/\/api.w.org\/{rel}","templated":true}]}}