{"id":225,"date":"2010-10-26T15:58:19","date_gmt":"2010-10-26T15:58:19","guid":{"rendered":"http:\/\/ultimato.com.br\/sites\/taismachado\/?p=225"},"modified":"2010-10-26T19:00:21","modified_gmt":"2010-10-26T19:00:21","slug":"26-de-outubro-de-2010","status":"publish","type":"post","link":"https:\/\/ultimato.com.br\/sites\/taismachado\/2010\/10\/26\/26-de-outubro-de-2010\/","title":{"rendered":"26 de outubro de 2010"},"content":{"rendered":"<p>\u201cProcessos inform\u00e1ticos, sistemas de circula\u00e7\u00e3o (como o tr\u00e2nsito) e automatismos mentais (no sentido de discursos que repetimos sem nos darmos conta) s\u00e3o met\u00e1foras que sintetizam nossa forma de vida baseada na administra\u00e7\u00e3o de si como uma empresa, ao modo do que Foucaut chamou de biopol\u00edtica. Ou seja, sentimos que as m\u00e1quinas se voltam contra n\u00f3s n\u00e3o porque elas s\u00e3o alien\u00edgenas que representam uma forma de vida destitu\u00edda de humanidade, gra\u00e7a ou espontaneidade, disposta a vampirizar invejosamente nossas almas, mas porque elas passam a representar o ideal acabado de n\u00f3s mesmos \u2013 como coisas que funcionam ou n\u00e3o funcionam. Coisas que aspiramos que venham nos punir para nos lembrar de nossa humanidade perdida.\u201d<\/p>\n<p style=\"text-align: right;\">Christian Dunker, Revista <em>Cult<\/em>, outubro de 2010<\/p>\n<p>\u00a0<\/p>\n<p>\u201cA cultura n\u00e3o existe para respeitar as nossas certezas ou cren\u00e7as; a cultura existe para as testar, provocar, at\u00e9 insultar \u2013 um ringue onde a liberdade de express\u00e3o \u00e9 o \u00fanico oxig\u00eanio permitido.\u201d<\/p>\n<p style=\"text-align: right;\">Jo\u00e3o Pereira Coutinho, <em>Folha de S.Paulo<\/em>, 26 de outubro de 2010<\/p>\n<p>\u00a0<\/p>\n<p>\u201cA literatura precisa mostrar o que as pessoas se recusam a ver. O livro (<em>Veneno, Sombras e Adeus<\/em> \u2013 Javier Mar\u00edas) parece recomendar que voltemos os olhos o mais r\u00e1pido poss\u00edvel para a lama em que nos colocamos, pois nosso rosto amanh\u00e3 pode ficar ainda mais sujo. A literatura avisa, mas quem deve ouvir \u00e9 o leitor.\u201d<\/p>\n<p style=\"text-align: right;\">Ricardo L\u00edsias, escritor, Revista <em>Cult<\/em>, outubro de 2010<\/p>\n","protected":false},"excerpt":{"rendered":"<p>\u201cProcessos inform\u00e1ticos, sistemas de circula\u00e7\u00e3o (como o tr\u00e2nsito) e automatismos mentais (no sentido de discursos que repetimos sem nos darmos conta) s\u00e3o met\u00e1foras que sintetizam nossa forma de vida baseada na administra\u00e7\u00e3o de si como uma empresa, ao modo do que Foucaut chamou de biopol\u00edtica. Ou seja, sentimos que as m\u00e1quinas se voltam contra n\u00f3s [&hellip;]<\/p>\n","protected":false},"author":14,"featured_media":0,"comment_status":"open","ping_status":"open","sticky":false,"template":"","format":"standard","meta":{"ngg_post_thumbnail":0,"footnotes":""},"categories":[4778],"tags":[33,51],"class_list":["post-225","post","type-post","status-publish","format-standard","hentry","category-contando-os-dias","tag-arte","tag-cultura","count-0","even alt","author-taismachado","last"],"_links":{"self":[{"href":"https:\/\/ultimato.com.br\/sites\/taismachado\/wp-json\/wp\/v2\/posts\/225","targetHints":{"allow":["GET"]}}],"collection":[{"href":"https:\/\/ultimato.com.br\/sites\/taismachado\/wp-json\/wp\/v2\/posts"}],"about":[{"href":"https:\/\/ultimato.com.br\/sites\/taismachado\/wp-json\/wp\/v2\/types\/post"}],"author":[{"embeddable":true,"href":"https:\/\/ultimato.com.br\/sites\/taismachado\/wp-json\/wp\/v2\/users\/14"}],"replies":[{"embeddable":true,"href":"https:\/\/ultimato.com.br\/sites\/taismachado\/wp-json\/wp\/v2\/comments?post=225"}],"version-history":[{"count":2,"href":"https:\/\/ultimato.com.br\/sites\/taismachado\/wp-json\/wp\/v2\/posts\/225\/revisions"}],"predecessor-version":[{"id":227,"href":"https:\/\/ultimato.com.br\/sites\/taismachado\/wp-json\/wp\/v2\/posts\/225\/revisions\/227"}],"wp:attachment":[{"href":"https:\/\/ultimato.com.br\/sites\/taismachado\/wp-json\/wp\/v2\/media?parent=225"}],"wp:term":[{"taxonomy":"category","embeddable":true,"href":"https:\/\/ultimato.com.br\/sites\/taismachado\/wp-json\/wp\/v2\/categories?post=225"},{"taxonomy":"post_tag","embeddable":true,"href":"https:\/\/ultimato.com.br\/sites\/taismachado\/wp-json\/wp\/v2\/tags?post=225"}],"curies":[{"name":"wp","href":"https:\/\/api.w.org\/{rel}","templated":true}]}}