{"id":223,"date":"2010-10-25T21:32:27","date_gmt":"2010-10-25T21:32:27","guid":{"rendered":"http:\/\/ultimato.com.br\/sites\/taismachado\/?p=223"},"modified":"2010-10-26T00:34:50","modified_gmt":"2010-10-26T00:34:50","slug":"25-de-outubro-de-2010","status":"publish","type":"post","link":"https:\/\/ultimato.com.br\/sites\/taismachado\/2010\/10\/25\/25-de-outubro-de-2010\/","title":{"rendered":"25 de outubro de 2010"},"content":{"rendered":"<p>\u201cN\u00e3o queremos o Haiti de antes do terremoto. N\u00e3o queremos as pessoas vivendo em morros, como era antes. Queremos refundar o pa\u00eds. O que voc\u00ea v\u00ea aqui no Haiti n\u00e3o \u00e9 resultado do terremoto. \u00c9 resultado do problema social que existia antes.Essa \u00e9 a oportunidade de tentar sanar esse problema hist\u00f3rico. Temos de fazer este pa\u00eds ser autosustent\u00e1vel. Acho que n\u00e3o h\u00e1 muitos pa\u00edses-membros da ONU que queiram ficar subsidiando o Haiti para sempre.\u201d<\/p>\n<p style=\"text-align: right;\">Edmond Mulet, 59, chefe da Minustah (miss\u00e3o da ONU no Haiti), <em>Folha de S.Paulo<\/em>, 25 de outubro de 2010<\/p>\n<p>\u00a0<\/p>\n<p>\u201cDesde o s\u00e9culo 17, a natureza tem sido considerada um obst\u00e1culo ao progresso do ser humano, considerado o \u2018centro\u2019 da civiliza\u00e7\u00e3o. Esta concep\u00e7\u00e3o levou \u00e0 destrui\u00e7\u00e3o em massa de v\u00e1rias formas de vida na Terra, pondo em risco, agora, a pr\u00f3pria sobreviv\u00eancia da humanidade. A nova civiliza\u00e7\u00e3o que precisa ser erguida tem de ser a civiliza\u00e7\u00e3o do \u2018cuidado\u2019 \u2013 com o ambiente, com as pessoas e com a vida, no sentido mais amplo. Os valores norteadores desta empreitada est\u00e3o contidos na Carta da Terra, uma declara\u00e7\u00e3o de princ\u00edpios \u00e9ticos fundamentais para a constru\u00e7\u00e3o, no s\u00e9culo 21, de uma sociedade global justa, sustent\u00e1vel e pac\u00edfica (<a href=\"http:\/\/www.cartadaterra.com.org\/\">www.cartadaterra.com.org<\/a>). Neste momento em que \u00e9 urgente mudar a maneira de viver, a Carta da Terra nos desafia a rever nossos valores e a buscar um caminho melhor para a nossa exist\u00eancia. O desafio \u00e9 tamb\u00e9m seu.\u201d<\/p>\n<p style=\"text-align: right;\">Ricardo Young, <em>Folha de S.Paulo<\/em>, 25 de outubro de 2010<\/p>\n<p>\u00a0<\/p>\n<p>\u201cSegundo levantamento (Instituto de Pol\u00edtica de Harvard), que ouviu 2.004 eleitores de 18 a 29 anos pelo pa\u00eds entre 24 de setembro e 4 de outubro, s\u00f3 27% dos jovens dizem que v\u00e3o votar nas legislativas de 2 de novembro. [&#8230;] \u2018Em 2008, a gera\u00e7\u00e3o do mil\u00eanio assumiu o controle do seu destino, entrou no processo pol\u00edtico e mudou a dire\u00e7\u00e3o do pa\u00eds\u2019, disse John Della Volpe, diretor de pesquisa do instituto. [&#8230;] Ap\u00f3s participarem ativamente da campanha de Obama, hoje s\u00f3 18% dos jovens se dizem \u2018engajados\u2019, contra 24% em novembro, quando os EUA j\u00e1 estavam mergulhados na crise, diz a pergunta. Nascidos ap\u00f3s 1982, a gera\u00e7\u00e3o do mil\u00eanio \u00e9 vista como mais engajada do que a gera\u00e7\u00e3o X, que vai do meio dos anos 60 ao come\u00e7o dos 80. Em termos demogr\u00e1ficos, superam a gera\u00e7\u00e3o anterior na propor\u00e7\u00e3o de 2 para 1 e os baby-boomers em 1 milh\u00e3o.\u201d<\/p>\n<p style=\"text-align: right;\">Luciana Coelho, <em>Folha de S.Paulo<\/em>, 25 de outubro de 2010<\/p>\n","protected":false},"excerpt":{"rendered":"<p>\u201cN\u00e3o queremos o Haiti de antes do terremoto. N\u00e3o queremos as pessoas vivendo em morros, como era antes. Queremos refundar o pa\u00eds. O que voc\u00ea v\u00ea aqui no Haiti n\u00e3o \u00e9 resultado do terremoto. \u00c9 resultado do problema social que existia antes.Essa \u00e9 a oportunidade de tentar sanar esse problema hist\u00f3rico. Temos de fazer este [&hellip;]<\/p>\n","protected":false},"author":14,"featured_media":0,"comment_status":"open","ping_status":"open","sticky":false,"template":"","format":"standard","meta":{"ngg_post_thumbnail":0,"footnotes":""},"categories":[4778],"tags":[157,8381],"class_list":["post-223","post","type-post","status-publish","format-standard","hentry","category-contando-os-dias","tag-juventude","tag-sustentabilidade","count-0","even alt","author-taismachado","last"],"_links":{"self":[{"href":"https:\/\/ultimato.com.br\/sites\/taismachado\/wp-json\/wp\/v2\/posts\/223","targetHints":{"allow":["GET"]}}],"collection":[{"href":"https:\/\/ultimato.com.br\/sites\/taismachado\/wp-json\/wp\/v2\/posts"}],"about":[{"href":"https:\/\/ultimato.com.br\/sites\/taismachado\/wp-json\/wp\/v2\/types\/post"}],"author":[{"embeddable":true,"href":"https:\/\/ultimato.com.br\/sites\/taismachado\/wp-json\/wp\/v2\/users\/14"}],"replies":[{"embeddable":true,"href":"https:\/\/ultimato.com.br\/sites\/taismachado\/wp-json\/wp\/v2\/comments?post=223"}],"version-history":[{"count":1,"href":"https:\/\/ultimato.com.br\/sites\/taismachado\/wp-json\/wp\/v2\/posts\/223\/revisions"}],"predecessor-version":[{"id":224,"href":"https:\/\/ultimato.com.br\/sites\/taismachado\/wp-json\/wp\/v2\/posts\/223\/revisions\/224"}],"wp:attachment":[{"href":"https:\/\/ultimato.com.br\/sites\/taismachado\/wp-json\/wp\/v2\/media?parent=223"}],"wp:term":[{"taxonomy":"category","embeddable":true,"href":"https:\/\/ultimato.com.br\/sites\/taismachado\/wp-json\/wp\/v2\/categories?post=223"},{"taxonomy":"post_tag","embeddable":true,"href":"https:\/\/ultimato.com.br\/sites\/taismachado\/wp-json\/wp\/v2\/tags?post=223"}],"curies":[{"name":"wp","href":"https:\/\/api.w.org\/{rel}","templated":true}]}}