{"id":218,"date":"2010-10-23T22:28:54","date_gmt":"2010-10-23T22:28:54","guid":{"rendered":"http:\/\/ultimato.com.br\/sites\/taismachado\/?p=218"},"modified":"2010-10-24T16:30:36","modified_gmt":"2010-10-24T16:30:36","slug":"23-de-outubro-de-2010","status":"publish","type":"post","link":"https:\/\/ultimato.com.br\/sites\/taismachado\/2010\/10\/23\/23-de-outubro-de-2010\/","title":{"rendered":"23 de outubro de 2010"},"content":{"rendered":"<p>\u201cEscrever m\u00fasicas tornou-se para mim, ao mesmo tempo que um lenitivo, um di\u00e1logo de vida ou morte com a cria\u00e7\u00e3o. [&#8230;] Escrever m\u00fasica\u00a0 me faz um grande bem: \u00e9 a\u00ed que me entretenho (e tamb\u00e9m me angustio, outro tanto) em confeccionar respostas concretas para os anseios, para as perguntas que me ocupam. Pode ser que n\u00e3o satisfa\u00e7am a ningu\u00e9m al\u00e9m de mim, mas, nesta hora do mundo, foi assim que encontrei jeito de sobreviver&#8230;\u201d<\/p>\n<p style=\"text-align: right;\">Willy Corr\u00eaa, 72, compositor, <em>Estado de S.Paulo<\/em>, 23 de outubro de 2010<\/p>\n<p>\u00a0<\/p>\n<p>\u201cFatores como vulnerabilidade, predisposi\u00e7\u00e3o gen\u00e9tica, horm\u00f4nios e press\u00e3o social influenciam no aparecimento da ansiedade, mas, assim como no bolo n\u00e3o d\u00e1 para identificar a farinha, tamb\u00e9m n\u00e3o \u00e9 poss\u00edvel precisar o que detona o problema\u201d.<\/p>\n<p style=\"text-align: right;\">Marcos Ferraz, professor titular aposentado do Departamento de Psiquiatria da Unifesp, Revista <em>Claudia<\/em>, outubro\/2010<\/p>\n","protected":false},"excerpt":{"rendered":"<p>\u201cEscrever m\u00fasicas tornou-se para mim, ao mesmo tempo que um lenitivo, um di\u00e1logo de vida ou morte com a cria\u00e7\u00e3o. [&#8230;] Escrever m\u00fasica\u00a0 me faz um grande bem: \u00e9 a\u00ed que me entretenho (e tamb\u00e9m me angustio, outro tanto) em confeccionar respostas concretas para os anseios, para as perguntas que me ocupam. Pode ser que [&hellip;]<\/p>\n","protected":false},"author":14,"featured_media":0,"comment_status":"open","ping_status":"open","sticky":false,"template":"","format":"standard","meta":{"ngg_post_thumbnail":0,"footnotes":""},"categories":[4778],"tags":[8431,33,8400],"class_list":["post-218","post","type-post","status-publish","format-standard","hentry","category-contando-os-dias","tag-ansiedade","tag-arte","tag-saude","count-0","even alt","author-taismachado","last"],"_links":{"self":[{"href":"https:\/\/ultimato.com.br\/sites\/taismachado\/wp-json\/wp\/v2\/posts\/218","targetHints":{"allow":["GET"]}}],"collection":[{"href":"https:\/\/ultimato.com.br\/sites\/taismachado\/wp-json\/wp\/v2\/posts"}],"about":[{"href":"https:\/\/ultimato.com.br\/sites\/taismachado\/wp-json\/wp\/v2\/types\/post"}],"author":[{"embeddable":true,"href":"https:\/\/ultimato.com.br\/sites\/taismachado\/wp-json\/wp\/v2\/users\/14"}],"replies":[{"embeddable":true,"href":"https:\/\/ultimato.com.br\/sites\/taismachado\/wp-json\/wp\/v2\/comments?post=218"}],"version-history":[{"count":1,"href":"https:\/\/ultimato.com.br\/sites\/taismachado\/wp-json\/wp\/v2\/posts\/218\/revisions"}],"predecessor-version":[{"id":219,"href":"https:\/\/ultimato.com.br\/sites\/taismachado\/wp-json\/wp\/v2\/posts\/218\/revisions\/219"}],"wp:attachment":[{"href":"https:\/\/ultimato.com.br\/sites\/taismachado\/wp-json\/wp\/v2\/media?parent=218"}],"wp:term":[{"taxonomy":"category","embeddable":true,"href":"https:\/\/ultimato.com.br\/sites\/taismachado\/wp-json\/wp\/v2\/categories?post=218"},{"taxonomy":"post_tag","embeddable":true,"href":"https:\/\/ultimato.com.br\/sites\/taismachado\/wp-json\/wp\/v2\/tags?post=218"}],"curies":[{"name":"wp","href":"https:\/\/api.w.org\/{rel}","templated":true}]}}