{"id":216,"date":"2010-10-22T23:25:53","date_gmt":"2010-10-22T23:25:53","guid":{"rendered":"http:\/\/ultimato.com.br\/sites\/taismachado\/?p=216"},"modified":"2010-10-24T16:28:41","modified_gmt":"2010-10-24T16:28:41","slug":"22-de-outubro-de-2010","status":"publish","type":"post","link":"https:\/\/ultimato.com.br\/sites\/taismachado\/2010\/10\/22\/22-de-outubro-de-2010\/","title":{"rendered":"22 de outubro de 2010"},"content":{"rendered":"<p>\u201cEm 2009, 32,8 dos jovens entre 18 e 24 anos abandonaram os estudos antes de completada a terceira s\u00e9rie do ensino m\u00e9dio. A escolaridade m\u00e9dia at\u00e9 25 anos de idade \u00e9 de apenas 5,8 anos (ante 12 anos na Coreia do Sul, 13,5 em Taiwan, 13,4 nos EUA). Apenas 39,2% dos jovens entre 15 e 17 anos est\u00e3o matriculados no ensino m\u00e9dio no Nordeste, ante 39,1 no Norte e 60,5% no Sudeste. Como nos espantarmos, assim, que alguns estudos digam que 75% dos que passam at\u00e9 oito anos em escolas s\u00e3o \u2018analfabetos funcionais\u2019, incapazes de interpretar um texto simples, de poucas linhas? [&#8230;]<\/p>\n<p>O ge\u00f3grafo Wanderley Messias da Costa, da Universidade de S\u00e3o Paulo, mostrou que apenas 24% dos 5 milh\u00f5es de alunos no n\u00edvel de gradua\u00e7\u00e3o no Pa\u00eds est\u00e3o entre 18 a 24 anos. E 50% das vagas oferecidas em 2008 n\u00e3o foram preenchidas. A taxa m\u00e9dia de evas\u00e3o nos quatro anos de gradua\u00e7\u00e3o \u00e9 de 43%. A esmagadora maioria n\u00e3o conclui no prazo os cursos que freq\u00fcenta. Grande parte leva at\u00e9 oito anos ou mais para completar o curso de quatro. [&#8230;]<\/p>\n<p>H\u00e1 muito mais que aborto a ser discutido com a sociedade. Nossos fundamentos sociais est\u00e3o em quest\u00e3o.\u201d<\/p>\n<p style=\"text-align: right;\">Washington Novaes, <em>Estado de S.Paulo<\/em>, 22 de outubro de 2010<\/p>\n<p>\u00a0<\/p>\n<p>\u201cDiante do luto, entendemos que um ciclo terminou, que determinada coisa ou pessoa n\u00e3o far\u00e1 mais parte de nosso cotidiano, mas isso n\u00e3o significa apag\u00e1-la completamente, e sim dar a ela um novo lugar em nosso mem\u00f3ria, um novo significado em nossa vida. [&#8230;] N\u00e3o existem f\u00f3rmulas m\u00e1gicas ou tempo certo, cada um deve respeitar seu ritmo. S\u00f3 n\u00e3o \u00e9 positivo fingir que anda aconteceu ou tentar substituir o que foi perdido, N\u00e3o funciona assim.\u201d<\/p>\n<p style=\"text-align: right;\">Maria Helena Pereira Franco, psicoterapeuta, coordenadora do Laborat\u00f3rio de Estudos sobre o luto da PUC-SP, Revista <em>Claudia<\/em>, outubro\/2010<\/p>\n","protected":false},"excerpt":{"rendered":"<p>\u201cEm 2009, 32,8 dos jovens entre 18 e 24 anos abandonaram os estudos antes de completada a terceira s\u00e9rie do ensino m\u00e9dio. A escolaridade m\u00e9dia at\u00e9 25 anos de idade \u00e9 de apenas 5,8 anos (ante 12 anos na Coreia do Sul, 13,5 em Taiwan, 13,4 nos EUA). Apenas 39,2% dos jovens entre 15 e [&hellip;]<\/p>\n","protected":false},"author":14,"featured_media":0,"comment_status":"open","ping_status":"open","sticky":false,"template":"","format":"standard","meta":{"ngg_post_thumbnail":0,"footnotes":""},"categories":[4778],"tags":[131,157,8430,8380],"class_list":["post-216","post","type-post","status-publish","format-standard","hentry","category-contando-os-dias","tag-educacao","tag-juventude","tag-luto","tag-universitarios","count-0","even alt","author-taismachado","last"],"_links":{"self":[{"href":"https:\/\/ultimato.com.br\/sites\/taismachado\/wp-json\/wp\/v2\/posts\/216","targetHints":{"allow":["GET"]}}],"collection":[{"href":"https:\/\/ultimato.com.br\/sites\/taismachado\/wp-json\/wp\/v2\/posts"}],"about":[{"href":"https:\/\/ultimato.com.br\/sites\/taismachado\/wp-json\/wp\/v2\/types\/post"}],"author":[{"embeddable":true,"href":"https:\/\/ultimato.com.br\/sites\/taismachado\/wp-json\/wp\/v2\/users\/14"}],"replies":[{"embeddable":true,"href":"https:\/\/ultimato.com.br\/sites\/taismachado\/wp-json\/wp\/v2\/comments?post=216"}],"version-history":[{"count":1,"href":"https:\/\/ultimato.com.br\/sites\/taismachado\/wp-json\/wp\/v2\/posts\/216\/revisions"}],"predecessor-version":[{"id":217,"href":"https:\/\/ultimato.com.br\/sites\/taismachado\/wp-json\/wp\/v2\/posts\/216\/revisions\/217"}],"wp:attachment":[{"href":"https:\/\/ultimato.com.br\/sites\/taismachado\/wp-json\/wp\/v2\/media?parent=216"}],"wp:term":[{"taxonomy":"category","embeddable":true,"href":"https:\/\/ultimato.com.br\/sites\/taismachado\/wp-json\/wp\/v2\/categories?post=216"},{"taxonomy":"post_tag","embeddable":true,"href":"https:\/\/ultimato.com.br\/sites\/taismachado\/wp-json\/wp\/v2\/tags?post=216"}],"curies":[{"name":"wp","href":"https:\/\/api.w.org\/{rel}","templated":true}]}}