{"id":211,"date":"2010-10-20T10:43:12","date_gmt":"2010-10-20T10:43:12","guid":{"rendered":"http:\/\/ultimato.com.br\/sites\/taismachado\/?p=211"},"modified":"2010-10-20T13:44:52","modified_gmt":"2010-10-20T13:44:52","slug":"20-de-outubro-de-2010","status":"publish","type":"post","link":"https:\/\/ultimato.com.br\/sites\/taismachado\/2010\/10\/20\/20-de-outubro-de-2010\/","title":{"rendered":"20 de outubro de 2010"},"content":{"rendered":"<p>\u201cQuem n\u00e3o gosta de arte bom sujeito n\u00e3o \u00e9. A doen\u00e7a em geral \u00e9 a falta de educa\u00e7\u00e3o. O contato com as artes deveria ser obrigat\u00f3rio no ensino prim\u00e1rio.\u201d<\/p>\n<p style=\"text-align: right;\">Domingos Oliveira, cineasta, <em>Folha de S.Paulo<\/em> \u2013 20\/10\/2010<\/p>\n<p>\u00a0<\/p>\n<p>\u201cMuito se diz a respeito da emblem\u00e1tica idade dos 40 anos. Se a vida come\u00e7a ou n\u00e3o na quarta d\u00e9cada, \u00e9 certo que termine cada vez mais longe dela. [&#8230;]O mundo vem envelhecendo, e a not\u00edcia n\u00e3o \u00e9 exatamente nova. [&#8230;] Muitas empresas ainda resistem \u00e0 contrata\u00e7\u00e3o de profissionais maduros enquanto organizam simp\u00f3sios e palestras para tentar compreender as crian\u00e7as mimadas e inseguras que rotulam de gera\u00e7\u00e3o Z. [&#8230;]Em um mundo de trabalhadores cada vez mais velhos, que se orgulham de estar ativos at\u00e9 al\u00e9m dos 80, a conta simplesmente n\u00e3o fecha. Do outro lado da portaria, a situa\u00e7\u00e3o n\u00e3o \u00e9 exatamente confort\u00e1vel. Mesmo com sal\u00e1rios e benef\u00edcios, o contingente de executivos cada vez mais novos e inexperientes, pressionados pelo excesso de competitividade, cresce a cada instante. Os m\u00e9dicos de empresas j\u00e1 n\u00e3o se surpreendem ao ver hipertens\u00e3o, estafa e fadiga cr\u00f4nica em velhos de vinte e poucos.\u201d<\/p>\n<p style=\"text-align: right;\">Luli Radfahrer<em>, Folha de S.Paulo<\/em> \u2013 20\/10\/2010<\/p>\n<p>\u00a0<\/p>\n<p>\u201cQuanto mais religiosa for uma sociedade, menor o terreno para a transig\u00eancia.<br \/>\nA separa\u00e7\u00e3o entre igreja e Estado n\u00e3o nasceu pronta da cabe\u00e7a de algum fil\u00f3sofo iluminista &#8211; foi a solu\u00e7\u00e3o que se encontrou depois de que guerras religiosas entre cat\u00f3licos e protestantes amea\u00e7aram dizimar, por mais de um s\u00e9culo, pa\u00edses como Inglaterra, Fran\u00e7a e Alemanha. [&#8230;]<\/p>\n<p>A f\u00e9 que eu gostaria de contestar, a esta altura da campanha eleitoral, \u00e9 a f\u00e9 nos marqueteiros e nas pesquisas de opini\u00e3o. O maior obscurantismo n\u00e3o est\u00e1 na condena\u00e7\u00e3o ou na defesa do aborto. Est\u00e1 no fato de dois candidatos seguirem, como ovelhinhas, o que lhes recomenda a \u00faltima estat\u00edstica.<br \/>\nConvenhamos que nem Dilma nem Serra s\u00e3o pessoas religiosas. Que quando um comunga e a outra se persigna, estamos diante de um ritual que n\u00e3o engana ningu\u00e9m. Serra e Dilma apoiam a lei vigente, que permite o aborto em casos espec\u00edficos. Os dois, portanto, n\u00e3o s\u00e3o sempre contra o aborto; est\u00e3o a l\u00e9guas de dist\u00e2ncia dos eleitores que desejam conquistar. [&#8230;] As pesquisas, acho que j\u00e1 escrevi isso, s\u00e3o o \u00f3pio dos candidatos. A intelig\u00eancia do pa\u00eds inteiro fica embotada nesse processo.\u201d<\/p>\n<p>Marcelo Coelho, <em>Folha de S.Paulo<\/em> \u2013 20\/10\/2010<\/p>\n","protected":false},"excerpt":{"rendered":"<p>\u201cQuem n\u00e3o gosta de arte bom sujeito n\u00e3o \u00e9. A doen\u00e7a em geral \u00e9 a falta de educa\u00e7\u00e3o. O contato com as artes deveria ser obrigat\u00f3rio no ensino prim\u00e1rio.\u201d Domingos Oliveira, cineasta, Folha de S.Paulo \u2013 20\/10\/2010 \u00a0 \u201cMuito se diz a respeito da emblem\u00e1tica idade dos 40 anos. Se a vida come\u00e7a ou n\u00e3o [&hellip;]<\/p>\n","protected":false},"author":14,"featured_media":0,"comment_status":"open","ping_status":"open","sticky":false,"template":"","format":"standard","meta":{"ngg_post_thumbnail":0,"footnotes":""},"categories":[4778],"tags":[8389],"class_list":["post-211","post","type-post","status-publish","format-standard","hentry","category-contando-os-dias","tag-empresas","count-0","even alt","author-taismachado","last"],"_links":{"self":[{"href":"https:\/\/ultimato.com.br\/sites\/taismachado\/wp-json\/wp\/v2\/posts\/211","targetHints":{"allow":["GET"]}}],"collection":[{"href":"https:\/\/ultimato.com.br\/sites\/taismachado\/wp-json\/wp\/v2\/posts"}],"about":[{"href":"https:\/\/ultimato.com.br\/sites\/taismachado\/wp-json\/wp\/v2\/types\/post"}],"author":[{"embeddable":true,"href":"https:\/\/ultimato.com.br\/sites\/taismachado\/wp-json\/wp\/v2\/users\/14"}],"replies":[{"embeddable":true,"href":"https:\/\/ultimato.com.br\/sites\/taismachado\/wp-json\/wp\/v2\/comments?post=211"}],"version-history":[{"count":1,"href":"https:\/\/ultimato.com.br\/sites\/taismachado\/wp-json\/wp\/v2\/posts\/211\/revisions"}],"predecessor-version":[{"id":212,"href":"https:\/\/ultimato.com.br\/sites\/taismachado\/wp-json\/wp\/v2\/posts\/211\/revisions\/212"}],"wp:attachment":[{"href":"https:\/\/ultimato.com.br\/sites\/taismachado\/wp-json\/wp\/v2\/media?parent=211"}],"wp:term":[{"taxonomy":"category","embeddable":true,"href":"https:\/\/ultimato.com.br\/sites\/taismachado\/wp-json\/wp\/v2\/categories?post=211"},{"taxonomy":"post_tag","embeddable":true,"href":"https:\/\/ultimato.com.br\/sites\/taismachado\/wp-json\/wp\/v2\/tags?post=211"}],"curies":[{"name":"wp","href":"https:\/\/api.w.org\/{rel}","templated":true}]}}