{"id":200,"date":"2010-10-17T23:38:44","date_gmt":"2010-10-17T23:38:44","guid":{"rendered":"http:\/\/ultimato.com.br\/sites\/taismachado\/?p=200"},"modified":"2010-10-18T15:41:33","modified_gmt":"2010-10-18T15:41:33","slug":"17-de-outubro-de-2010","status":"publish","type":"post","link":"https:\/\/ultimato.com.br\/sites\/taismachado\/2010\/10\/17\/17-de-outubro-de-2010\/","title":{"rendered":"17 de outubro de 2010"},"content":{"rendered":"<p>\u201cA p\u00f3s-modernidade de botequim tomou conta do debate, falso ali\u00e1s, porque nada \u00e9 debatido. Ainda n\u00e3o sabemos quais os projetos de na\u00e7\u00e3o que est\u00e3o em jogo nestas elei\u00e7\u00f5es, decidiremos sem saber o que estamos decidindo, pois continuar tornou-se mais importante do que mudar.\u201d<\/p>\n<p style=\"text-align: right;\">Jos\u00e9 de Souza Martins, fil\u00f3sofo, <em>Estado de S.Paulo<\/em> \u2013 17\/10\/2010<\/p>\n<p>\u00a0<\/p>\n<p>\u201cA ci\u00eancia n\u00e3o diz o que devemos fazer com o conhecimento que acumulamos. Essa decis\u00e3o \u00e9 nossa, em geral tomada pelos pol\u00edticos que elegemos, ao menos numa sociedade democr\u00e1tica. A culpa dos usos mais nefastos da ci\u00eancia deve ser dividida pro toda a sociedade. Inclusive, mas n\u00e3o exclusivamente, pelos cientistas. [&#8230;]<\/p>\n<p>A culpa do que fazemos com o planeta \u00e9 nossa, n\u00e3o da ci\u00eancia. Apenas uma sociedade versada na ci\u00eancia pode escolher o seu destino responsavelmente.\u201d<\/p>\n<p style=\"text-align: right;\">Marcelo Gleiser, f\u00edsico, <em>Folha de S.Paulo<\/em> \u2013 17\/10\/2010<\/p>\n<p>\u00a0<\/p>\n<p>\u201cCom base em uma investiga\u00e7\u00e3o realizada nos \u00faltimos 20 anos com americanos acima de 50 anos de idade, cientistas da Universidade de Stanford, especializados em estudos da longevidade, sustentam que a aposentadoria prejudica a mem\u00f3ria e, portanto, acelera a decad\u00eancia do indiv\u00edduo. A raz\u00e3o: a falta de uso tiraria o vigor do c\u00e9rebro. Semelhantes conclus\u00f5es s\u00e3o encontradas em pesquisas realizadas em outros 12 pa\u00edses europeus.<br \/>\nEsses dados foram divulgados na semana passada, no mesmo dia em que o IPEA (Instituto de Pesquisa Econ\u00f4mica Aplicada) revelou uma proje\u00e7\u00e3o sobre o envelhecimento da popula\u00e7\u00e3o brasileira- defendendo que o pa\u00eds deveria mudar urgentemente sua vis\u00e3o sobre o que \u00e9 ser velho. Num futuro breve, a idade m\u00e9dia do nosso trabalhador ser\u00e1 de 45 anos. Na apresenta\u00e7\u00e3o dos dados, os pesquisadores daquele instituto relacionaram a aposentadoria como mais um est\u00edmulo de problemas como a depress\u00e3o e o alcoolismo. [&#8230;]<\/p>\n<p>Em S\u00e3o Paulo, uma universidade est\u00e1 oferecendo cursos de madrugada: as aulas come\u00e7am \u00e0s 23h e acabam quase \u00e0s 2h. Estamos vivendo na era da aprendizagem permanente. Estuda-se o resto da vida nos mais variados lugares. [&#8230;] Para mim, esse sonho da aposentadoria \u00e9 um pesadelo. \u00c9 o que indica aquelas pesquisas sobre a mem\u00f3ria. Dever\u00edamos ensinar \u00e0 crian\u00e7a, desde o ber\u00e7o, que a vida s\u00f3 se torna uma bela aventura, com sentido, se n\u00e3o pararmos de ter curiosidade, de aprender e de criar. Fazer planos para n\u00e3o fazer nada \u00e9 a morte.\u201d<\/p>\n<p style=\"text-align: right;\">Gilberto Dimenstein, <em>Folha de S.Paulo<\/em> \u2013 17\/10\/2010<\/p>\n<p>\u00a0<\/p>\n<p>\u201cA riqueza do Chile do norte est\u00e1 escondida debaixo da terra. E, para se chegar a ter alguma coisa, \u00e9 preciso mergulhar na escurid\u00e3o. \u00c9 uma zona dura e de homens fraternais, pois as dificuldades de um s\u00e3o as de quem est\u00e1 a seu lado tamb\u00e9m. [&#8230;] Quanto mais dif\u00edcil \u00e9 sua vida, mais sens\u00edvel \u00e9 um homem \u00e0 dor e \u00e0 solid\u00e3o do outro.\u201d<\/p>\n<p style=\"text-align: right;\">Antonio Sk\u00e1rmeta, fil\u00f3sofo, escritor e ex-diplomata chileno, <em>Estado de S.Paulo<\/em> \u2013 17\/10\/2010<\/p>\n<p>\u00a0<\/p>\n<p>\u201cUma mensagem para os 33: que o mar de luzes, c\u00e2maras e flashes com que foram recebidos lhes seja leve. \u00c9 certo que sobreviveram a essa longa temporada no inferno, mas no final era um inferno seu conhecido. O que vir\u00e1 agora, companheiros, \u00e9 um inferno completamente inexplorado por voc\u00eas: o inferno do espet\u00e1culo, o alienante inferno da televis\u00e3o. Digo-lhes apenas uma coisa: agarrem-se a sua fam\u00edlia, n\u00e3o a soltem, n\u00e3o a percam de vista, n\u00e3o a frustrem. Aferrem-se como se aferraram \u00e0 c\u00e1psula que os tirou das profundezas. \u00c9 a \u00fanica maneira de sobreviver \u00e0 avalanche midi\u00e1tica que os cobrir\u00e1.\u201d<\/p>\n<p style=\"text-align: right;\">Hern\u00e1n Rivera Letelier, escritor chileno, <em>Estado de S.Paulo<\/em> \u2013 17\/10\/2010<\/p>\n<p>\u00a0<\/p>\n<p>\u201cA lei \u00e9 recente, mas o fen\u00f4meno \u00e9 antigo nas varas de fam\u00edlia. Pesquisas apontam que 80% dos filhos de pais separados sofrem algum tipo de aliena\u00e7\u00e3o parental. \u2018No grau mais leve, o guardi\u00e3o, normalmente a m\u00e3e, faz coment\u00e1rios cr\u00edticos sobre qualquer coisa que a crian\u00e7a fale sobre o pai. Ou ent\u00e3o diz que vai ficar sozinha e triste quando ela for visita-lo\u2019, conta a psic\u00f3loga Maria Dolores Toloi, que h\u00e1 15 anos trabalha como assistente de per\u00edcias psicol\u00f3gicas no Tribunal de Justi\u00e7a de S\u00e3o Paulo. [&#8230;] \u2018Quando a crian\u00e7a entra nesse jogo e passa a participar da campanha de difama\u00e7\u00e3o, est\u00e1 instalada a S\u00edndrome da Aliena\u00e7\u00e3o Parental (SAP).\u2019<\/p>\n<p>A crian\u00e7a passa a ver o genitor alienado como uma pessoa desinteressada, incapaz de am\u00e1-la. \u2018Baixo rendimento escolar e autoestima, uso de drogas, depress\u00e3o e suic\u00eddio s\u00e3o problemas comuns nesses casos\u2019, diz o psic\u00f3logo Diego Bragante. [&#8230;]<\/p>\n<p>Exemplos de aliena\u00e7\u00e3o parental:<\/p>\n<p>\u25cfDist\u00e2ncia: negar o direito de visita ao outro genitor; impedir contato telef\u00f4nico; mudar o domic\u00edlio para local distante, sem justificativa, para dificultar a conviv\u00eancia.<\/p>\n<p>\u25cfDifama\u00e7\u00e3o: realizar campanha de desqualifica\u00e7\u00e3o da conduta do outro genitor; fazer den\u00fancias falsas de abuso visando \u00e0 suspens\u00e3o do direito de visita.<\/p>\n<p>\u25cfObstru\u00e7\u00e3o: omitir informa\u00e7\u00f5es pessoais relevantes sobre a crian\u00e7a ou adolescente, at\u00e9 mesmo escolares, m\u00e9dicas e altera\u00e7\u00f5es de endere\u00e7o.\u201d<\/p>\n<p style=\"text-align: right;\"><em>Estado de S.Paulo<\/em> \u2013 17\/10\/2010<\/p>\n<p>\u00a0<\/p>\n<p>\u201cO poderoso Vaticano, que imp\u00f5e suas leis, \u00e9 todo formado por homens, e as freiras n\u00e3o t\u00eam voz para nada.\u201d<\/p>\n<p style=\"text-align: right;\">Danuza Le\u00e3o, <em>Folha de S.Paulo<\/em> \u2013 17\/10\/2010<\/p>\n","protected":false},"excerpt":{"rendered":"<p>\u201cA p\u00f3s-modernidade de botequim tomou conta do debate, falso ali\u00e1s, porque nada \u00e9 debatido. Ainda n\u00e3o sabemos quais os projetos de na\u00e7\u00e3o que est\u00e3o em jogo nestas elei\u00e7\u00f5es, decidiremos sem saber o que estamos decidindo, pois continuar tornou-se mais importante do que mudar.\u201d Jos\u00e9 de Souza Martins, fil\u00f3sofo, Estado de S.Paulo \u2013 17\/10\/2010 \u00a0 \u201cA [&hellip;]<\/p>\n","protected":false},"author":14,"featured_media":0,"comment_status":"open","ping_status":"open","sticky":false,"template":"","format":"standard","meta":{"ngg_post_thumbnail":0,"footnotes":""},"categories":[4778],"tags":[5357,131,8424],"class_list":["post-200","post","type-post","status-publish","format-standard","hentry","category-contando-os-dias","tag-ciencia","tag-educacao","tag-sindrome-da-alienacao-parental","count-0","even alt","author-taismachado","last"],"_links":{"self":[{"href":"https:\/\/ultimato.com.br\/sites\/taismachado\/wp-json\/wp\/v2\/posts\/200","targetHints":{"allow":["GET"]}}],"collection":[{"href":"https:\/\/ultimato.com.br\/sites\/taismachado\/wp-json\/wp\/v2\/posts"}],"about":[{"href":"https:\/\/ultimato.com.br\/sites\/taismachado\/wp-json\/wp\/v2\/types\/post"}],"author":[{"embeddable":true,"href":"https:\/\/ultimato.com.br\/sites\/taismachado\/wp-json\/wp\/v2\/users\/14"}],"replies":[{"embeddable":true,"href":"https:\/\/ultimato.com.br\/sites\/taismachado\/wp-json\/wp\/v2\/comments?post=200"}],"version-history":[{"count":1,"href":"https:\/\/ultimato.com.br\/sites\/taismachado\/wp-json\/wp\/v2\/posts\/200\/revisions"}],"predecessor-version":[{"id":201,"href":"https:\/\/ultimato.com.br\/sites\/taismachado\/wp-json\/wp\/v2\/posts\/200\/revisions\/201"}],"wp:attachment":[{"href":"https:\/\/ultimato.com.br\/sites\/taismachado\/wp-json\/wp\/v2\/media?parent=200"}],"wp:term":[{"taxonomy":"category","embeddable":true,"href":"https:\/\/ultimato.com.br\/sites\/taismachado\/wp-json\/wp\/v2\/categories?post=200"},{"taxonomy":"post_tag","embeddable":true,"href":"https:\/\/ultimato.com.br\/sites\/taismachado\/wp-json\/wp\/v2\/tags?post=200"}],"curies":[{"name":"wp","href":"https:\/\/api.w.org\/{rel}","templated":true}]}}