{"id":187,"date":"2010-10-07T22:06:04","date_gmt":"2010-10-07T22:06:04","guid":{"rendered":"http:\/\/ultimato.com.br\/sites\/taismachado\/?p=187"},"modified":"2010-10-13T22:07:30","modified_gmt":"2010-10-13T22:07:30","slug":"07-de-outubro-de-2010","status":"publish","type":"post","link":"https:\/\/ultimato.com.br\/sites\/taismachado\/2010\/10\/07\/07-de-outubro-de-2010\/","title":{"rendered":"07 de outubro de 2010"},"content":{"rendered":"<p>\u201cO louco de palestra \u00e9 o sujeito que, durante uma confer\u00eancia, levanta a m\u00e3o para perguntar algo absolutamente aleat\u00f3rio. Ou para fazer uma observa\u00e7\u00e3o longa e sem sentido sobre qualquer coisa que lhe venha \u00e0 mente. \u00c9 a alegria dos assistentes enfastiados e o pesadelo dos oradores, que passam o evento inteiro aguardando sua inevit\u00e1vel manifesta\u00e7\u00e3o.<\/p>\n<p>H\u00e1 in\u00fameros categorias de loucos de palestra, que olhos e ouvidos atentos podem identificar em qualquer manifesta\u00e7\u00e3o de cunho argumentativo-reflexivo, com a palavra franqueada ao p\u00fablico.<\/p>\n<p>H\u00e1 o louco cl\u00e1ssico: aquele que levanta, faz uma longa explana\u00e7\u00e3o sobre qualquer tema, que raramente tangencia o assunto em debate, e termina sem perguntar nada de espec\u00edfico. Seu \u00fanico objetivo \u00e9 impressionar intelectualmente a plebe, inclusive o palestrante oficial.<\/p>\n<p>H\u00e1 o louco militante, que invariavelmente aproveita para culpar a explora\u00e7\u00e3o de classe dominante, mesmo que o t\u00f3pico do debate seja arraiolo &amp; bordado.<\/p>\n<p>H\u00e1 o louco desorientado, que n\u00e3o entendeu nada da palestra \u2013 e n\u00e3o vem entendendo desde a 2\u00aa s\u00e9rie, quando a professora lhe comunicou que o Sol \u00e9 maior que a Terra \u2013 e, depois de circunl\u00f3quios labir\u00ednticos, faz uma pergunta \u00f3bvia.<\/p>\n<p>H\u00e1 o que faz quest\u00e3o de encaixar no discurso a palavra \u2018sub-repticiamente\u2019: \u00e9 o louco vernaculista.<\/p>\n<p>Uma criteriosa tipifica\u00e7\u00e3o do objeto de estudo n\u00e3o pode deixar de registrar o louco adulador, que gasta os trinta segundos que lhe foram franqueados para dizer em dez minutos como o palestrante \u00e9 divino. E o louco pobre coitado, que pode desculpas por n\u00e3o saber se expressar, o que n\u00e3o o impede de n\u00e3o se expressar durante minutos intermin\u00e1veis.\u201d<\/p>\n<p style=\"text-align: right;\">Vanessa Barbara, Revista <em>Piau\u00ed<\/em>, outubro de 2010<\/p>\n<p>\u00a0<\/p>\n<p>\u201cDurante os \u00faltimos anos foram feitos di\u00e1logos profundos com a sociedade, cientistas, pol\u00edticos, empres\u00e1rios, e desse conjunto de informa\u00e7\u00f5es sa\u00edram v\u00e1rios programas de sustentabilidade, v\u00e1rias diretrizes. Agora n\u00e3o \u00e9 preciso mais dialogar tanto, est\u00e1 na hora de fazer, e fazer bem feito, para que as a\u00e7\u00f5es realmente deem resultado. J\u00e1 se falou muito em novas maneiras de ser, em novas maneiras de entender. Agora est\u00e1 na hora de arrega\u00e7ar as mangas, aplicar uma nova maneira de trabalhar em conjunto, proposta nesses di\u00e1logos, e partir para a a\u00e7\u00e3o. Est\u00e1 na hora de implementar concretamente as mudan\u00e7as.\u201d<\/p>\n<p style=\"text-align: right;\">Simone Ramounoulou, consultora em v\u00e1riso projetos internacionais, \u00e9 diretora-executiva no Brasil da World Business Academy, Revista <em>Vida Simples<\/em>, outubro de 2010<\/p>\n","protected":false},"excerpt":{"rendered":"<p>\u201cO louco de palestra \u00e9 o sujeito que, durante uma confer\u00eancia, levanta a m\u00e3o para perguntar algo absolutamente aleat\u00f3rio. Ou para fazer uma observa\u00e7\u00e3o longa e sem sentido sobre qualquer coisa que lhe venha \u00e0 mente. \u00c9 a alegria dos assistentes enfastiados e o pesadelo dos oradores, que passam o evento inteiro aguardando sua inevit\u00e1vel [&hellip;]<\/p>\n","protected":false},"author":14,"featured_media":0,"comment_status":"open","ping_status":"open","sticky":false,"template":"","format":"standard","meta":{"ngg_post_thumbnail":0,"footnotes":""},"categories":[4778],"tags":[8419,8381],"class_list":["post-187","post","type-post","status-publish","format-standard","hentry","category-contando-os-dias","tag-louco-de-palestra","tag-sustentabilidade","count-0","even alt","author-taismachado","last"],"_links":{"self":[{"href":"https:\/\/ultimato.com.br\/sites\/taismachado\/wp-json\/wp\/v2\/posts\/187","targetHints":{"allow":["GET"]}}],"collection":[{"href":"https:\/\/ultimato.com.br\/sites\/taismachado\/wp-json\/wp\/v2\/posts"}],"about":[{"href":"https:\/\/ultimato.com.br\/sites\/taismachado\/wp-json\/wp\/v2\/types\/post"}],"author":[{"embeddable":true,"href":"https:\/\/ultimato.com.br\/sites\/taismachado\/wp-json\/wp\/v2\/users\/14"}],"replies":[{"embeddable":true,"href":"https:\/\/ultimato.com.br\/sites\/taismachado\/wp-json\/wp\/v2\/comments?post=187"}],"version-history":[{"count":1,"href":"https:\/\/ultimato.com.br\/sites\/taismachado\/wp-json\/wp\/v2\/posts\/187\/revisions"}],"predecessor-version":[{"id":188,"href":"https:\/\/ultimato.com.br\/sites\/taismachado\/wp-json\/wp\/v2\/posts\/187\/revisions\/188"}],"wp:attachment":[{"href":"https:\/\/ultimato.com.br\/sites\/taismachado\/wp-json\/wp\/v2\/media?parent=187"}],"wp:term":[{"taxonomy":"category","embeddable":true,"href":"https:\/\/ultimato.com.br\/sites\/taismachado\/wp-json\/wp\/v2\/categories?post=187"},{"taxonomy":"post_tag","embeddable":true,"href":"https:\/\/ultimato.com.br\/sites\/taismachado\/wp-json\/wp\/v2\/tags?post=187"}],"curies":[{"name":"wp","href":"https:\/\/api.w.org\/{rel}","templated":true}]}}