{"id":185,"date":"2010-10-13T12:08:26","date_gmt":"2010-10-13T12:08:26","guid":{"rendered":"http:\/\/ultimato.com.br\/sites\/taismachado\/?p=185"},"modified":"2010-10-13T16:10:08","modified_gmt":"2010-10-13T16:10:08","slug":"13-de-outubro-de-2010","status":"publish","type":"post","link":"https:\/\/ultimato.com.br\/sites\/taismachado\/2010\/10\/13\/13-de-outubro-de-2010\/","title":{"rendered":"13 de outubro de 2010"},"content":{"rendered":"<p>\u201cEm uma pesquisa da Wakefield Research, 75% dos mil entrevistados (americanos com idades de 17 a 29 anos) disseram que uma semana sem conex\u00e3o Wi-Fi causa mais mau humor do que o mesmo per\u00edodo sem caf\u00e9.<\/p>\n<p>Dois ter\u00e7os desse grupo tamb\u00e9m disseram que passam mais tempo conectados a dispositivos m\u00f3veis do que assistindo \u00e0 TV; 44% disseram que, sem Wi-Fi, teriam dificuldade para manter contato com familiares.\u201d<\/p>\n<p style=\"text-align: right;\"><em>Folha de S.Paulo<\/em> \u2013 13\/10\/2010<\/p>\n<p>\u00a0<\/p>\n<p>\u201cPrivacidade, seja como for, vai deixando de constituir problema para muita gente. Do Facebook aos reality shows, a vontade de se expor \u00e9 sem d\u00favida o contraponto da terr\u00edvel sensa\u00e7\u00e3o de anonimato que nos traz a sociedade de massas.\u201d<\/p>\n<p style=\"text-align: right;\">Marcelo Coelho, <em>Folha de S.Paulo<\/em> \u2013 13\/10\/2010<\/p>\n","protected":false},"excerpt":{"rendered":"<p>\u201cEm uma pesquisa da Wakefield Research, 75% dos mil entrevistados (americanos com idades de 17 a 29 anos) disseram que uma semana sem conex\u00e3o Wi-Fi causa mais mau humor do que o mesmo per\u00edodo sem caf\u00e9. Dois ter\u00e7os desse grupo tamb\u00e9m disseram que passam mais tempo conectados a dispositivos m\u00f3veis do que assistindo \u00e0 TV; [&hellip;]<\/p>\n","protected":false},"author":14,"featured_media":0,"comment_status":"open","ping_status":"open","sticky":false,"template":"","format":"standard","meta":{"ngg_post_thumbnail":0,"footnotes":""},"categories":[4778],"tags":[157,8418],"class_list":["post-185","post","type-post","status-publish","format-standard","hentry","category-contando-os-dias","tag-juventude","tag-privacidade","count-0","even alt","author-taismachado","last"],"_links":{"self":[{"href":"https:\/\/ultimato.com.br\/sites\/taismachado\/wp-json\/wp\/v2\/posts\/185","targetHints":{"allow":["GET"]}}],"collection":[{"href":"https:\/\/ultimato.com.br\/sites\/taismachado\/wp-json\/wp\/v2\/posts"}],"about":[{"href":"https:\/\/ultimato.com.br\/sites\/taismachado\/wp-json\/wp\/v2\/types\/post"}],"author":[{"embeddable":true,"href":"https:\/\/ultimato.com.br\/sites\/taismachado\/wp-json\/wp\/v2\/users\/14"}],"replies":[{"embeddable":true,"href":"https:\/\/ultimato.com.br\/sites\/taismachado\/wp-json\/wp\/v2\/comments?post=185"}],"version-history":[{"count":1,"href":"https:\/\/ultimato.com.br\/sites\/taismachado\/wp-json\/wp\/v2\/posts\/185\/revisions"}],"predecessor-version":[{"id":186,"href":"https:\/\/ultimato.com.br\/sites\/taismachado\/wp-json\/wp\/v2\/posts\/185\/revisions\/186"}],"wp:attachment":[{"href":"https:\/\/ultimato.com.br\/sites\/taismachado\/wp-json\/wp\/v2\/media?parent=185"}],"wp:term":[{"taxonomy":"category","embeddable":true,"href":"https:\/\/ultimato.com.br\/sites\/taismachado\/wp-json\/wp\/v2\/categories?post=185"},{"taxonomy":"post_tag","embeddable":true,"href":"https:\/\/ultimato.com.br\/sites\/taismachado\/wp-json\/wp\/v2\/tags?post=185"}],"curies":[{"name":"wp","href":"https:\/\/api.w.org\/{rel}","templated":true}]}}