{"id":179,"date":"2010-10-12T22:02:35","date_gmt":"2010-10-12T22:02:35","guid":{"rendered":"http:\/\/ultimato.com.br\/sites\/taismachado\/?p=179"},"modified":"2010-10-13T16:04:00","modified_gmt":"2010-10-13T16:04:00","slug":"11-de-outubro-de-2010","status":"publish","type":"post","link":"https:\/\/ultimato.com.br\/sites\/taismachado\/2010\/10\/12\/11-de-outubro-de-2010\/","title":{"rendered":"11 de outubro de 2010"},"content":{"rendered":"<p>\u201cH\u00e1 motivos para votar ou n\u00e3o votar em Dilma ou em Serra. E n\u00e3o \u00e9 a religi\u00e3o que os distingue. \u00c9 inacredit\u00e1vel que uma manobra t\u00e3o prim\u00e1ria ofenda o Estado laico e o eleitor inteligente. Dilma n\u00e3o \u00e9 uma feiticeira do s\u00e9culo XXI. Mas, com medo, posa de carola, ref\u00e9m de padres e pastores. Nossos candidatos agora s\u00e3o verdes e beatos desde criancinhas. Com isso, traem suas convic\u00e7\u00f5es. Provavelmente, veremos Serra e Dilma rezando no pr\u00f3ximo debate. Haja f\u00e9.\u201d<\/p>\n<p style=\"text-align: right;\">Ruth de Aquino, <em>Revista \u00c9poca<\/em>, 11\/10\/2010<\/p>\n<p>\u00a0<\/p>\n<p>\u201cQuando voc\u00ea rotula as pessoas, voc\u00ea perde a oportunidade de dialogar com elas.\u201d<\/p>\n<p style=\"text-align: right;\">Marina Silva, <em>Revista \u00c9poca<\/em>, 11\/10\/2010<\/p>\n","protected":false},"excerpt":{"rendered":"<p>\u201cH\u00e1 motivos para votar ou n\u00e3o votar em Dilma ou em Serra. E n\u00e3o \u00e9 a religi\u00e3o que os distingue. \u00c9 inacredit\u00e1vel que uma manobra t\u00e3o prim\u00e1ria ofenda o Estado laico e o eleitor inteligente. Dilma n\u00e3o \u00e9 uma feiticeira do s\u00e9culo XXI. Mas, com medo, posa de carola, ref\u00e9m de padres e pastores. Nossos [&hellip;]<\/p>\n","protected":false},"author":14,"featured_media":0,"comment_status":"open","ping_status":"open","sticky":false,"template":"","format":"standard","meta":{"ngg_post_thumbnail":0,"footnotes":""},"categories":[4778],"tags":[5874],"class_list":["post-179","post","type-post","status-publish","format-standard","hentry","category-contando-os-dias","tag-politica","count-0","even alt","author-taismachado","last"],"_links":{"self":[{"href":"https:\/\/ultimato.com.br\/sites\/taismachado\/wp-json\/wp\/v2\/posts\/179","targetHints":{"allow":["GET"]}}],"collection":[{"href":"https:\/\/ultimato.com.br\/sites\/taismachado\/wp-json\/wp\/v2\/posts"}],"about":[{"href":"https:\/\/ultimato.com.br\/sites\/taismachado\/wp-json\/wp\/v2\/types\/post"}],"author":[{"embeddable":true,"href":"https:\/\/ultimato.com.br\/sites\/taismachado\/wp-json\/wp\/v2\/users\/14"}],"replies":[{"embeddable":true,"href":"https:\/\/ultimato.com.br\/sites\/taismachado\/wp-json\/wp\/v2\/comments?post=179"}],"version-history":[{"count":1,"href":"https:\/\/ultimato.com.br\/sites\/taismachado\/wp-json\/wp\/v2\/posts\/179\/revisions"}],"predecessor-version":[{"id":180,"href":"https:\/\/ultimato.com.br\/sites\/taismachado\/wp-json\/wp\/v2\/posts\/179\/revisions\/180"}],"wp:attachment":[{"href":"https:\/\/ultimato.com.br\/sites\/taismachado\/wp-json\/wp\/v2\/media?parent=179"}],"wp:term":[{"taxonomy":"category","embeddable":true,"href":"https:\/\/ultimato.com.br\/sites\/taismachado\/wp-json\/wp\/v2\/categories?post=179"},{"taxonomy":"post_tag","embeddable":true,"href":"https:\/\/ultimato.com.br\/sites\/taismachado\/wp-json\/wp\/v2\/tags?post=179"}],"curies":[{"name":"wp","href":"https:\/\/api.w.org\/{rel}","templated":true}]}}