{"id":177,"date":"2010-10-12T21:51:12","date_gmt":"2010-10-12T21:51:12","guid":{"rendered":"http:\/\/ultimato.com.br\/sites\/taismachado\/?p=177"},"modified":"2010-10-13T16:01:32","modified_gmt":"2010-10-13T16:01:32","slug":"10-de-outubro-de-2010","status":"publish","type":"post","link":"https:\/\/ultimato.com.br\/sites\/taismachado\/2010\/10\/12\/10-de-outubro-de-2010\/","title":{"rendered":"10 de outubro de 2010"},"content":{"rendered":"<p>\u201cDurante muito tempo, nas d\u00e9cadas de 60 e 70, a escolaridade ficou estagnada. A partir do final dos anos 80, come\u00e7a a evolu\u00e7\u00e3o. Como os mais ricos j\u00e1 estavam com escolaridade bastante elevada o aumento foi impulsionado pelos mais pobres. Em 2009, t\u00ednhamos 40% da popula\u00e7\u00e3o com 22 anos de idade completando esse n\u00edvel de ensino. Em 2001, esse percentual n\u00e3o chegava a 25%. \u00c9 um avan\u00e7o bem r\u00e1pido. [&#8230;] O que faz a grande diferen\u00e7a agora \u00e9 ter p\u00f3s-gradua\u00e7\u00e3o: o ganho \u00e9 de 4,3 vezes no sal\u00e1rio em rela\u00e7\u00e3o a quem \u00e9 apenas graduado. \u00c9 importante lembrar que esses dados s\u00e3o m\u00e9dias e n\u00e3o refletem a situa\u00e7\u00e3o em todas as profiss\u00f5es.\u201d<\/p>\n<p style=\"text-align: right;\">Na\u00e9rcio Menezes Filho, coordenador do Centro de Pol\u00edticas P\u00fablicas do Insper, <em>Estado de S.Paulo<\/em> \u2013 10\/10\/2010<\/p>\n<p>\u00a0<\/p>\n<p>\u201cO tema do aborto n\u00e3o foi trazido ao debate pol\u00edtico para ser esclarecido e debatido a s\u00e9rio. Ningu\u00e9m o prop\u00f4s abertamente. Surgiu sub-repticiamente, por oportunismo eleitoral. E tem merecido uma resposta n\u00e3o menos oportunista.\u201d<\/p>\n<p style=\"text-align: right;\">Sergio Fausto, diretor executivo do iFHC, \u00e9 membro do GACINT-USP, <em>Estado de S.Paulo<\/em> \u2013 10\/10\/2010<\/p>\n<p>\u00a0<\/p>\n<p>\u201cAinda hoje, a esquerda se sente \u00f3rf\u00e3, necessitada de diretrizes ideais. Se o comunismo se revelou imposs\u00edvel, em nome de que dever\u00edamos continuar lutando?\u201d<\/p>\n<p style=\"text-align: right;\">Gianni Vattimo, fil\u00f3sofo e pol\u00edtico italiano, \u00e9 um dos expoentes do p\u00f3s-modernismo europeu, <em>Estado de S.Paulo<\/em> \u2013 10\/10\/2010<\/p>\n","protected":false},"excerpt":{"rendered":"<p>\u201cDurante muito tempo, nas d\u00e9cadas de 60 e 70, a escolaridade ficou estagnada. A partir do final dos anos 80, come\u00e7a a evolu\u00e7\u00e3o. Como os mais ricos j\u00e1 estavam com escolaridade bastante elevada o aumento foi impulsionado pelos mais pobres. Em 2009, t\u00ednhamos 40% da popula\u00e7\u00e3o com 22 anos de idade completando esse n\u00edvel de [&hellip;]<\/p>\n","protected":false},"author":14,"featured_media":0,"comment_status":"open","ping_status":"open","sticky":false,"template":"","format":"standard","meta":{"ngg_post_thumbnail":0,"footnotes":""},"categories":[4778],"tags":[131,5874,8380],"class_list":["post-177","post","type-post","status-publish","format-standard","hentry","category-contando-os-dias","tag-educacao","tag-politica","tag-universitarios","count-0","even alt","author-taismachado","last"],"_links":{"self":[{"href":"https:\/\/ultimato.com.br\/sites\/taismachado\/wp-json\/wp\/v2\/posts\/177","targetHints":{"allow":["GET"]}}],"collection":[{"href":"https:\/\/ultimato.com.br\/sites\/taismachado\/wp-json\/wp\/v2\/posts"}],"about":[{"href":"https:\/\/ultimato.com.br\/sites\/taismachado\/wp-json\/wp\/v2\/types\/post"}],"author":[{"embeddable":true,"href":"https:\/\/ultimato.com.br\/sites\/taismachado\/wp-json\/wp\/v2\/users\/14"}],"replies":[{"embeddable":true,"href":"https:\/\/ultimato.com.br\/sites\/taismachado\/wp-json\/wp\/v2\/comments?post=177"}],"version-history":[{"count":1,"href":"https:\/\/ultimato.com.br\/sites\/taismachado\/wp-json\/wp\/v2\/posts\/177\/revisions"}],"predecessor-version":[{"id":178,"href":"https:\/\/ultimato.com.br\/sites\/taismachado\/wp-json\/wp\/v2\/posts\/177\/revisions\/178"}],"wp:attachment":[{"href":"https:\/\/ultimato.com.br\/sites\/taismachado\/wp-json\/wp\/v2\/media?parent=177"}],"wp:term":[{"taxonomy":"category","embeddable":true,"href":"https:\/\/ultimato.com.br\/sites\/taismachado\/wp-json\/wp\/v2\/categories?post=177"},{"taxonomy":"post_tag","embeddable":true,"href":"https:\/\/ultimato.com.br\/sites\/taismachado\/wp-json\/wp\/v2\/tags?post=177"}],"curies":[{"name":"wp","href":"https:\/\/api.w.org\/{rel}","templated":true}]}}