{"id":174,"date":"2010-10-12T21:49:18","date_gmt":"2010-10-12T21:49:18","guid":{"rendered":"http:\/\/ultimato.com.br\/sites\/taismachado\/?p=174"},"modified":"2010-10-13T15:58:17","modified_gmt":"2010-10-13T15:58:17","slug":"08-de-outubro-de-2010","status":"publish","type":"post","link":"https:\/\/ultimato.com.br\/sites\/taismachado\/2010\/10\/12\/08-de-outubro-de-2010\/","title":{"rendered":"08 de outubro de 2010"},"content":{"rendered":"<p>\u201cO principal destino dos gastos dos adolescentes brasileiros s\u00e3o os produtos e servi\u00e7os ligados \u00e0 apar\u00eancia, como roupas e acess\u00f3rios. As meninas desembolsam em m\u00e9dia R$ 69 por m\u00eas e os meninos um pouco menos, R$ 65 mensais. Nas classes A e B, no entanto, o gasto pode chegar a R$ 87 mensais.\u201d<\/p>\n<p style=\"text-align: right;\">Paula Pacheco, <em>Estado de S.Paulo<\/em> \u2013 08\/10\/2010<\/p>\n<p>\u00a0<\/p>\n<p>\u201cO \u00fanico problema verdadeiro do Pr\u00eamio Nobel de Literatura de Vasgas Llosa \u00e9 sua embara\u00e7osa demora: mestre consagrado do romance latino-americano, e uma de suas figuras mais controversas, Vargas Llosa \u00e9 um monumento vivo da literatura mundial com influ\u00eancia direta em \u00f3timos romancistas como Ian McEwan e Haruki Murakami que, ironicamente, estavam cotados para ganhar o pr\u00eamio que cada vez se tornou mais alusivo a Vargas Llosa. At\u00e9 este ano.\u201d<\/p>\n<p style=\"text-align: right;\">Vinicius Jatob\u00e1, cr\u00edtico liter\u00e1rio, <em>Estado de S.Paulo<\/em> \u2013 08\/10\/2010<\/p>\n<p>\u00a0<\/p>\n<p>\u201cO galard\u00e3o que agora ele recebe \u00e9 sabidamente um pr\u00eamio que vai al\u00e9m do reconhecimento liter\u00e1rio. Premia toda uma atua\u00e7\u00e3o intelectual e, se algu\u00e9m dentro do cen\u00e1rio intelectual de hoje se perfila como um homem do seu tempo, \u00e9 Vargas Llosa.\u201d<\/p>\n<p style=\"text-align: right;\">Laura Janina Hosiasson, professora de literatura hispano-americana na Faculdade de Filosofia, Letras e Ci\u00eancias Humanas da USP, <em>Folha de S.Paulo<\/em> \u2013 08\/10\/2010<\/p>\n<p>\u00a0<\/p>\n<p>\u201cNo mundo, a gera\u00e7\u00e3o de lixo anda pela casa dos 4 milh\u00f5es de toneladas di\u00e1rias nas cidades, mais de um quilo por pessoa. Um enorme desperd\u00edcio de materiais, num mundo carente deles. Estudo recente mostrou (New Scientist, 14\/8) que nos EUA se desperdi\u00e7a de um quarto a um ter\u00e7o dos alimentos produzidos e que estes, ao longo de todo o processo, consomem uns 15% da energia total no pa\u00eds (que, com 5% da popula\u00e7\u00e3o mundial, consome 20% da energia global). Cada fam\u00edlia desperdi\u00e7a US$ 600 anuais em alimentos n\u00e3o consumidos. \u00c9 por esses caminhos que tudo vai se tornando invi\u00e1vel. Mas quem reverter\u00e1?\u201d<\/p>\n<p style=\"text-align: right;\">Washington Novaes, <em>Estado de S.Paulo<\/em> \u2013 08\/10\/2010<\/p>\n","protected":false},"excerpt":{"rendered":"<p>\u201cO principal destino dos gastos dos adolescentes brasileiros s\u00e3o os produtos e servi\u00e7os ligados \u00e0 apar\u00eancia, como roupas e acess\u00f3rios. As meninas desembolsam em m\u00e9dia R$ 69 por m\u00eas e os meninos um pouco menos, R$ 65 mensais. Nas classes A e B, no entanto, o gasto pode chegar a R$ 87 mensais.\u201d Paula Pacheco, [&hellip;]<\/p>\n","protected":false},"author":14,"featured_media":0,"comment_status":"open","ping_status":"open","sticky":false,"template":"","format":"standard","meta":{"ngg_post_thumbnail":0,"footnotes":""},"categories":[4778],"tags":[5175,8381,8414],"class_list":["post-174","post","type-post","status-publish","format-standard","hentry","category-contando-os-dias","tag-adolescentes","tag-sustentabilidade","tag-vargas-llosa","count-0","even alt","author-taismachado","last"],"_links":{"self":[{"href":"https:\/\/ultimato.com.br\/sites\/taismachado\/wp-json\/wp\/v2\/posts\/174","targetHints":{"allow":["GET"]}}],"collection":[{"href":"https:\/\/ultimato.com.br\/sites\/taismachado\/wp-json\/wp\/v2\/posts"}],"about":[{"href":"https:\/\/ultimato.com.br\/sites\/taismachado\/wp-json\/wp\/v2\/types\/post"}],"author":[{"embeddable":true,"href":"https:\/\/ultimato.com.br\/sites\/taismachado\/wp-json\/wp\/v2\/users\/14"}],"replies":[{"embeddable":true,"href":"https:\/\/ultimato.com.br\/sites\/taismachado\/wp-json\/wp\/v2\/comments?post=174"}],"version-history":[{"count":2,"href":"https:\/\/ultimato.com.br\/sites\/taismachado\/wp-json\/wp\/v2\/posts\/174\/revisions"}],"predecessor-version":[{"id":176,"href":"https:\/\/ultimato.com.br\/sites\/taismachado\/wp-json\/wp\/v2\/posts\/174\/revisions\/176"}],"wp:attachment":[{"href":"https:\/\/ultimato.com.br\/sites\/taismachado\/wp-json\/wp\/v2\/media?parent=174"}],"wp:term":[{"taxonomy":"category","embeddable":true,"href":"https:\/\/ultimato.com.br\/sites\/taismachado\/wp-json\/wp\/v2\/categories?post=174"},{"taxonomy":"post_tag","embeddable":true,"href":"https:\/\/ultimato.com.br\/sites\/taismachado\/wp-json\/wp\/v2\/tags?post=174"}],"curies":[{"name":"wp","href":"https:\/\/api.w.org\/{rel}","templated":true}]}}