{"id":172,"date":"2010-10-06T19:01:16","date_gmt":"2010-10-06T19:01:16","guid":{"rendered":"http:\/\/ultimato.com.br\/sites\/taismachado\/?p=172"},"modified":"2010-10-06T23:12:41","modified_gmt":"2010-10-06T23:12:41","slug":"06-de-outubro-de-2010","status":"publish","type":"post","link":"https:\/\/ultimato.com.br\/sites\/taismachado\/2010\/10\/06\/06-de-outubro-de-2010\/","title":{"rendered":"06 de outubro de 2010"},"content":{"rendered":"<p>&#8220;Se h\u00e1 dois temas claramente postos na mesa na pol\u00edtica do s\u00e9culo 21, s\u00e3o exatamente a religi\u00e3o e a ecologia&#8221;.<\/p>\n<p style=\"text-align: right;\">Marcelo Coelho,<em> Folha de S.Paulo<\/em> &#8211; 06\/10\/2010<\/p>\n<p>\u201cTudo n\u00e3o apenas se tornou fotograf\u00e1vel, mas tamb\u00e9m exib\u00edvel, recurso que p\u00f5e o dedo diretamente na ferida da privacidade. Vigil\u00e2ncia\/privacidade \u00e9 o bin\u00f4mio-chave que abre as portas de ambival\u00eancias, paradoxos, desafios e dilemas insol\u00faveis do mundo digital.[&#8230;] A vigil\u00e2ncia \u00e9 ambivalente. Serve para proteger, mas tamb\u00e9m invadir.<\/p>\n<p>Foi-se o tempo em que privacidade significava \u2018direito de estar s\u00f3\u2019. Agora, acelerados avan\u00e7os tecnol\u00f3gicos tornam a privacidade cada vez mais anacr\u00f4nica.\u201d<\/p>\n<p style=\"text-align: right;\">Lucia Santaella, soci\u00f3loga,<em> Folha de S.Paulo<\/em> &#8211; 06\/10\/2010<\/p>\n","protected":false},"excerpt":{"rendered":"<p>&#8220;Se h\u00e1 dois temas claramente postos na mesa na pol\u00edtica do s\u00e9culo 21, s\u00e3o exatamente a religi\u00e3o e a ecologia&#8221;. Marcelo Coelho, Folha de S.Paulo &#8211; 06\/10\/2010 \u201cTudo n\u00e3o apenas se tornou fotograf\u00e1vel, mas tamb\u00e9m exib\u00edvel, recurso que p\u00f5e o dedo diretamente na ferida da privacidade. Vigil\u00e2ncia\/privacidade \u00e9 o bin\u00f4mio-chave que abre as portas de [&hellip;]<\/p>\n","protected":false},"author":14,"featured_media":0,"comment_status":"open","ping_status":"open","sticky":false,"template":"","format":"standard","meta":{"ngg_post_thumbnail":0,"footnotes":""},"categories":[4778],"tags":[8413,8412],"class_list":["post-172","post","type-post","status-publish","format-standard","hentry","category-contando-os-dias","tag-ambivalencia","tag-seculo-21","count-0","even alt","author-taismachado","last"],"_links":{"self":[{"href":"https:\/\/ultimato.com.br\/sites\/taismachado\/wp-json\/wp\/v2\/posts\/172","targetHints":{"allow":["GET"]}}],"collection":[{"href":"https:\/\/ultimato.com.br\/sites\/taismachado\/wp-json\/wp\/v2\/posts"}],"about":[{"href":"https:\/\/ultimato.com.br\/sites\/taismachado\/wp-json\/wp\/v2\/types\/post"}],"author":[{"embeddable":true,"href":"https:\/\/ultimato.com.br\/sites\/taismachado\/wp-json\/wp\/v2\/users\/14"}],"replies":[{"embeddable":true,"href":"https:\/\/ultimato.com.br\/sites\/taismachado\/wp-json\/wp\/v2\/comments?post=172"}],"version-history":[{"count":1,"href":"https:\/\/ultimato.com.br\/sites\/taismachado\/wp-json\/wp\/v2\/posts\/172\/revisions"}],"predecessor-version":[{"id":173,"href":"https:\/\/ultimato.com.br\/sites\/taismachado\/wp-json\/wp\/v2\/posts\/172\/revisions\/173"}],"wp:attachment":[{"href":"https:\/\/ultimato.com.br\/sites\/taismachado\/wp-json\/wp\/v2\/media?parent=172"}],"wp:term":[{"taxonomy":"category","embeddable":true,"href":"https:\/\/ultimato.com.br\/sites\/taismachado\/wp-json\/wp\/v2\/categories?post=172"},{"taxonomy":"post_tag","embeddable":true,"href":"https:\/\/ultimato.com.br\/sites\/taismachado\/wp-json\/wp\/v2\/tags?post=172"}],"curies":[{"name":"wp","href":"https:\/\/api.w.org\/{rel}","templated":true}]}}