{"id":166,"date":"2010-10-04T10:36:59","date_gmt":"2010-10-04T10:36:59","guid":{"rendered":"http:\/\/ultimato.com.br\/sites\/taismachado\/?p=166"},"modified":"2010-10-04T13:38:23","modified_gmt":"2010-10-04T13:38:23","slug":"04-de-outubro-de-2010","status":"publish","type":"post","link":"https:\/\/ultimato.com.br\/sites\/taismachado\/2010\/10\/04\/04-de-outubro-de-2010\/","title":{"rendered":"04 de outubro de 2010"},"content":{"rendered":"<p>\u201cH\u00e1 uma evidente contradi\u00e7\u00e3o em entrar naquela cabine do s\u00e9culo 21 e fazer surgir na tela o nome e a imagem do Tiririca, n\u00e3o? (N\u00e3o que ele seja o pior.)<br \/>\nO pa\u00eds tem recursos inimagin\u00e1veis em energia e ferramentas de \u00faltima gera\u00e7\u00e3o para explor\u00e1-los. Mas os minist\u00e9rios a que tais riquezas se subordinam, de alta especialidade, s\u00e3o entregues a pol\u00edticos profissionais de quem se duvida que saibam extrair uma raiz quadrada. Nossas favelas t\u00eam computadores, TVs de plasma, gatonet e microondas, mas n\u00e3o t\u00eam esgoto.\u201d<\/p>\n<p style=\"text-align: right;\">Ruy Castro, <em>Folha de S.Paulo<\/em>, 04\/10\/2010<\/p>\n<p>\u00a0<\/p>\n<p>\u201cReaparecem teimosamente as eternas tenta\u00e7\u00f5es de pessoas e grupos se julgarem acima de tudo e de todos, usurpando um poder que n\u00e3o lhes pertence.<br \/>\nO \u00fanico poder reconhecido pelo Evangelho \u00e9 o do servi\u00e7o ao bem comum.\u201d<\/p>\n<p style=\"text-align: right;\">Dom Fernando A. Figueiredo, <em>Folha de S.Paulo<\/em>, 04\/10\/2010<\/p>\n","protected":false},"excerpt":{"rendered":"<p>\u201cH\u00e1 uma evidente contradi\u00e7\u00e3o em entrar naquela cabine do s\u00e9culo 21 e fazer surgir na tela o nome e a imagem do Tiririca, n\u00e3o? (N\u00e3o que ele seja o pior.) O pa\u00eds tem recursos inimagin\u00e1veis em energia e ferramentas de \u00faltima gera\u00e7\u00e3o para explor\u00e1-los. Mas os minist\u00e9rios a que tais riquezas se subordinam, de alta [&hellip;]<\/p>\n","protected":false},"author":14,"featured_media":0,"comment_status":"open","ping_status":"open","sticky":false,"template":"","format":"standard","meta":{"ngg_post_thumbnail":0,"footnotes":""},"categories":[4778],"tags":[102,5874],"class_list":["post-166","post","type-post","status-publish","format-standard","hentry","category-contando-os-dias","tag-evangelho","tag-politica","count-0","even alt","author-taismachado","last"],"_links":{"self":[{"href":"https:\/\/ultimato.com.br\/sites\/taismachado\/wp-json\/wp\/v2\/posts\/166","targetHints":{"allow":["GET"]}}],"collection":[{"href":"https:\/\/ultimato.com.br\/sites\/taismachado\/wp-json\/wp\/v2\/posts"}],"about":[{"href":"https:\/\/ultimato.com.br\/sites\/taismachado\/wp-json\/wp\/v2\/types\/post"}],"author":[{"embeddable":true,"href":"https:\/\/ultimato.com.br\/sites\/taismachado\/wp-json\/wp\/v2\/users\/14"}],"replies":[{"embeddable":true,"href":"https:\/\/ultimato.com.br\/sites\/taismachado\/wp-json\/wp\/v2\/comments?post=166"}],"version-history":[{"count":1,"href":"https:\/\/ultimato.com.br\/sites\/taismachado\/wp-json\/wp\/v2\/posts\/166\/revisions"}],"predecessor-version":[{"id":167,"href":"https:\/\/ultimato.com.br\/sites\/taismachado\/wp-json\/wp\/v2\/posts\/166\/revisions\/167"}],"wp:attachment":[{"href":"https:\/\/ultimato.com.br\/sites\/taismachado\/wp-json\/wp\/v2\/media?parent=166"}],"wp:term":[{"taxonomy":"category","embeddable":true,"href":"https:\/\/ultimato.com.br\/sites\/taismachado\/wp-json\/wp\/v2\/categories?post=166"},{"taxonomy":"post_tag","embeddable":true,"href":"https:\/\/ultimato.com.br\/sites\/taismachado\/wp-json\/wp\/v2\/tags?post=166"}],"curies":[{"name":"wp","href":"https:\/\/api.w.org\/{rel}","templated":true}]}}