{"id":160,"date":"2010-10-03T23:58:27","date_gmt":"2010-10-03T23:58:27","guid":{"rendered":"http:\/\/ultimato.com.br\/sites\/taismachado\/?p=160"},"modified":"2010-10-04T12:56:56","modified_gmt":"2010-10-04T12:56:56","slug":"03-de-outubro-de-2010","status":"publish","type":"post","link":"https:\/\/ultimato.com.br\/sites\/taismachado\/2010\/10\/03\/03-de-outubro-de-2010\/","title":{"rendered":"03 de outubro de 2010"},"content":{"rendered":"<p>\u201cPela primeira vez na hist\u00f3ria, 22 pa\u00edses latino-americanos assinaram um pacto em favor da qualidade na educa\u00e7\u00e3o. O documento Metas 2011 foi firmado no m\u00eas passado, em Buenos Aires, por ministros e representantes de minist\u00e9rios da Educa\u00e7\u00e3o e ser\u00e1 ratificado na c\u00fapula de chefes de Estado em dezembro, na Argentina.<\/p>\n<p>O documento foi costurado durante dois anos pela Organiza\u00e7\u00e3o dos Estados Ibero-Americanos (OEI) e prev\u00ea 9 metas gerais e 27 espec\u00edficas, al\u00e9m da dota\u00e7\u00e3o de recursos e de um processo permanente de avalia\u00e7\u00e3o, que ser\u00e1 coordenado pelo M\u00e9xico. [&#8230;]<\/p>\n<p>Alguns objetivos:<\/p>\n<p>Ensino fundamental \u2013 ampliar para 50% o n\u00famero de escolas em per\u00edodo integral.<\/p>\n<p>Educa\u00e7\u00e3o B\u00e1sica \u2013 pelo menos 70% dos docentes com ensino superior.<\/p>\n<p>Multidisciplinaridade \u2013 curr\u00edculo deve incorporar leitura, tecnologia, artes e esporte.\u201d<\/p>\n<p style=\"text-align: right;\">Paulo de Camargo, <em>Estado de S.Paulo<\/em>, 03\/10\/2010<\/p>\n<p>\u00a0<\/p>\n<p>\u201cSegundo Relat\u00f3rio Norton Online Family Report, elaborado em julho deste ano, as crian\u00e7as brasileiras s\u00e3o as que mais ficam online, passando, em m\u00e9dia, 18,3 horas por semana. E mais:<\/p>\n<p>&#8211; 79% das crian\u00e7as brasileiras j\u00e1 tiveram alguma experi\u00eancia negativa online.<\/p>\n<p>&#8211; dessas 79%, 58% adicionaram um desconhecido na rede social; 53% baixaram algum v\u00edrus no PC da fam\u00edlia; 34% viram imagens violentas ou de nudez.<\/p>\n<p>&#8211; s\u00f3 65% dos pais acham que os filhos tiveram uma experi\u00eancia negativa.<\/p>\n<p>&#8211; 17% das crian\u00e7as brasileiras acham que seus pais n\u00e3o sabem o que elas fazem online.<\/p>\n<p>&#8211; apenas 31% dos pais entrariam em contato com os pais das crian\u00e7as que cometeram o bullying contra seu filho, caso tomassem conhecimento de uma experi\u00eancia negativa online. [&#8230;]<\/p>\n<p>Est\u00e3o os jovens preparados para lidar com o grau de abertura proporcionado pela internet? Segundo pesquisa realizada, em 2009, pelo Laborat\u00f3rio de Estudos em \u00c9tica nos Meios Eletr\u00f4nicos (Leeme) da Universidade Mackenzie, com 2.039 jovens entre 11 e 18 anos, de escolas p\u00fablicas e particulares, a resposta \u00e9 n\u00e3o. De acordo com o estudo, coordenado pela professora Solange Barros, os adolescentes est\u00e3o suscet\u00edveis a problemas como exposi\u00e7\u00e3o \u00e0 pornografia, divulga\u00e7\u00e3o indevida de imagem e dados pessoais, boatos, pedofilia e incita\u00e7\u00e3o \u00e0 viol\u00eancia. [&#8230;]<\/p>\n<p>Para o psic\u00f3logo Rodrigo Nejm, diretor da ONG Safer Net Brasil \u2013 que, al\u00e9m de receber den\u00fancias de pornografia infantil e pedofilia, atua na \u00e1rea de educa\u00e7\u00e3o -, o \u2018sexting\u2019 traz \u00e0 tona algo muito mais complexo e delicado, que \u00e9 o sexo pelo sexo, sem afetividade. [&#8230;] \u2018Quanto mais acessos tiverem, maior a fama. Esse comportamento \u00e9 fruto do culto ao corpo e da erotiza\u00e7\u00e3o precoce por meio da m\u00fasica, roupas, TV. Nos realities shows, \u00e9 \u2018legal\u2019 mostrar a intimidade e ter minutos de fama\u2019.\u201d<\/p>\n<p style=\"text-align: right;\">Vera Fiori, <em>Estado de S.Paulo<\/em>, 03\/10\/2010<\/p>\n","protected":false},"excerpt":{"rendered":"<p>\u201cPela primeira vez na hist\u00f3ria, 22 pa\u00edses latino-americanos assinaram um pacto em favor da qualidade na educa\u00e7\u00e3o. O documento Metas 2011 foi firmado no m\u00eas passado, em Buenos Aires, por ministros e representantes de minist\u00e9rios da Educa\u00e7\u00e3o e ser\u00e1 ratificado na c\u00fapula de chefes de Estado em dezembro, na Argentina. O documento foi costurado durante [&hellip;]<\/p>\n","protected":false},"author":14,"featured_media":0,"comment_status":"open","ping_status":"open","sticky":false,"template":"","format":"standard","meta":{"ngg_post_thumbnail":0,"footnotes":""},"categories":[4778],"tags":[15,131,5643,157],"class_list":["post-160","post","type-post","status-publish","format-standard","hentry","category-contando-os-dias","tag-criancas","tag-educacao","tag-internet","tag-juventude","count-0","even alt","author-taismachado","last"],"_links":{"self":[{"href":"https:\/\/ultimato.com.br\/sites\/taismachado\/wp-json\/wp\/v2\/posts\/160","targetHints":{"allow":["GET"]}}],"collection":[{"href":"https:\/\/ultimato.com.br\/sites\/taismachado\/wp-json\/wp\/v2\/posts"}],"about":[{"href":"https:\/\/ultimato.com.br\/sites\/taismachado\/wp-json\/wp\/v2\/types\/post"}],"author":[{"embeddable":true,"href":"https:\/\/ultimato.com.br\/sites\/taismachado\/wp-json\/wp\/v2\/users\/14"}],"replies":[{"embeddable":true,"href":"https:\/\/ultimato.com.br\/sites\/taismachado\/wp-json\/wp\/v2\/comments?post=160"}],"version-history":[{"count":2,"href":"https:\/\/ultimato.com.br\/sites\/taismachado\/wp-json\/wp\/v2\/posts\/160\/revisions"}],"predecessor-version":[{"id":165,"href":"https:\/\/ultimato.com.br\/sites\/taismachado\/wp-json\/wp\/v2\/posts\/160\/revisions\/165"}],"wp:attachment":[{"href":"https:\/\/ultimato.com.br\/sites\/taismachado\/wp-json\/wp\/v2\/media?parent=160"}],"wp:term":[{"taxonomy":"category","embeddable":true,"href":"https:\/\/ultimato.com.br\/sites\/taismachado\/wp-json\/wp\/v2\/categories?post=160"},{"taxonomy":"post_tag","embeddable":true,"href":"https:\/\/ultimato.com.br\/sites\/taismachado\/wp-json\/wp\/v2\/tags?post=160"}],"curies":[{"name":"wp","href":"https:\/\/api.w.org\/{rel}","templated":true}]}}