{"id":144,"date":"2010-09-26T22:24:26","date_gmt":"2010-09-26T22:24:26","guid":{"rendered":"http:\/\/ultimato.com.br\/sites\/taismachado\/?p=144"},"modified":"2010-09-27T01:44:14","modified_gmt":"2010-09-27T01:44:14","slug":"26-de-setembro-de-2010","status":"publish","type":"post","link":"https:\/\/ultimato.com.br\/sites\/taismachado\/2010\/09\/26\/26-de-setembro-de-2010\/","title":{"rendered":"26 de setembro de 2010"},"content":{"rendered":"<p>\u201cComo toda descoberta cient\u00edfica, uma vez que a caixa \u00e9 aberta, n\u00e3o pode ser mais fechada. O jeito \u00e9 termos cuidado com nossas cria\u00e7\u00f5es e n\u00e3o deixar que a sede de lucro das corpora\u00e7\u00f5es tomem as decis\u00f5es por n\u00f3s.\u201d<\/p>\n<p style=\"text-align: right;\">Marcelo Gleiser, professor de f\u00edsica te\u00f3rica, <em>Folha de S.Paulo<\/em> \u2013 26\/09\/2010<\/p>\n<p>\u00a0<\/p>\n<p>\u201cA civiliza\u00e7\u00e3o ocidental \u00e9 a deteriora\u00e7\u00e3o da solidariedade. O que \u00e9 mais perigoso \u00e9 o paradoxo de que o curso da globaliza\u00e7\u00e3o combina cat\u00e1strofes nucleares, ecol\u00f3gicas, pol\u00edticas, mas a desesperan\u00e7a tamb\u00e9m pode levar \u00e0 consci\u00eancia. Porque onde cresce o perigo, cresce a luta pela salva\u00e7\u00e3o. [&#8230;] O pensamento reformado pode ser aplicar a todos os campos de aprendizagem, inclusive \u00e0 pol\u00edtica. A pol\u00edtica unidimensional, reduzida \u00e0 economia, n\u00e3o v\u00ea a complexidade humana. \u00c9 uma pol\u00edtica abstrata, mutilada, mutiladora.\u201d<\/p>\n<p style=\"text-align: right;\">Edgar Morin, 89 anos, fil\u00f3sofo e soci\u00f3logo franc\u00eas, <em>Estado de S.Paulo<\/em> \u2013 26\/09\/2010<\/p>\n<p>\u00a0<\/p>\n<p>\u201cDiferen\u00e7a entre o funcionamento ps\u00edquico pr\u00f3prio das massas em oposi\u00e7\u00e3o \u00e0 forma de pensar do sujeito fora das massas. A psicologia das massas se caracteriza por sua identifica\u00e7\u00e3o com um l\u00edder que ocupa o lugar de figuras paternas idealizadas. Isso faz com que as massas adotem uma postura infantilizada frente ao l\u00edder, que \u00e9 visto como um pai ou m\u00e3e que as protege e conduz, fantasia inconsciente muitas vezes deliberadamente manipulada pelo poder. J\u00e1 o sujeito fora das massas \u2013 e ningu\u00e9m mais que o artista para representar esta condi\u00e7\u00e3o \u2013 mant\u00e9m o esp\u00edrito cr\u00edtico frente ao l\u00edder e, apesar de n\u00e3o estar isento de nele tamb\u00e9m fazer proje\u00e7\u00f5es, pode v\u00ea-lo com mais objetividade. Para ele, tais \u2018pais\u2019 ou \u2018m\u00e3es\u2019 s\u00e3o vistos como inimigos a serem eliminados. Ou seja, para o artista, a sociedade n\u00e3o deve ser regida por \u2018pais e \u2018m\u00e3es\u2019 onipotentes e sim por cidad\u00e3os como ele, a quem delega temporariamente o poder e de quem exigir\u00e1 uma presta\u00e7\u00e3o de contas no seu devido tempo.\u201d<\/p>\n<p style=\"text-align: right;\">S\u00e9rgio Telles, psicanalista, <em>Estado de S.Paulo<\/em> \u2013 26\/09\/2010<\/p>\n","protected":false},"excerpt":{"rendered":"<p>\u201cComo toda descoberta cient\u00edfica, uma vez que a caixa \u00e9 aberta, n\u00e3o pode ser mais fechada. O jeito \u00e9 termos cuidado com nossas cria\u00e7\u00f5es e n\u00e3o deixar que a sede de lucro das corpora\u00e7\u00f5es tomem as decis\u00f5es por n\u00f3s.\u201d Marcelo Gleiser, professor de f\u00edsica te\u00f3rica, Folha de S.Paulo \u2013 26\/09\/2010 \u00a0 \u201cA civiliza\u00e7\u00e3o ocidental \u00e9 [&hellip;]<\/p>\n","protected":false},"author":14,"featured_media":0,"comment_status":"open","ping_status":"open","sticky":false,"template":"","format":"standard","meta":{"ngg_post_thumbnail":0,"footnotes":""},"categories":[4778],"tags":[5357,8399],"class_list":["post-144","post","type-post","status-publish","format-standard","hentry","category-contando-os-dias","tag-ciencia","tag-psicologia","count-0","even alt","author-taismachado","last"],"_links":{"self":[{"href":"https:\/\/ultimato.com.br\/sites\/taismachado\/wp-json\/wp\/v2\/posts\/144","targetHints":{"allow":["GET"]}}],"collection":[{"href":"https:\/\/ultimato.com.br\/sites\/taismachado\/wp-json\/wp\/v2\/posts"}],"about":[{"href":"https:\/\/ultimato.com.br\/sites\/taismachado\/wp-json\/wp\/v2\/types\/post"}],"author":[{"embeddable":true,"href":"https:\/\/ultimato.com.br\/sites\/taismachado\/wp-json\/wp\/v2\/users\/14"}],"replies":[{"embeddable":true,"href":"https:\/\/ultimato.com.br\/sites\/taismachado\/wp-json\/wp\/v2\/comments?post=144"}],"version-history":[{"count":2,"href":"https:\/\/ultimato.com.br\/sites\/taismachado\/wp-json\/wp\/v2\/posts\/144\/revisions"}],"predecessor-version":[{"id":146,"href":"https:\/\/ultimato.com.br\/sites\/taismachado\/wp-json\/wp\/v2\/posts\/144\/revisions\/146"}],"wp:attachment":[{"href":"https:\/\/ultimato.com.br\/sites\/taismachado\/wp-json\/wp\/v2\/media?parent=144"}],"wp:term":[{"taxonomy":"category","embeddable":true,"href":"https:\/\/ultimato.com.br\/sites\/taismachado\/wp-json\/wp\/v2\/categories?post=144"},{"taxonomy":"post_tag","embeddable":true,"href":"https:\/\/ultimato.com.br\/sites\/taismachado\/wp-json\/wp\/v2\/tags?post=144"}],"curies":[{"name":"wp","href":"https:\/\/api.w.org\/{rel}","templated":true}]}}