{"id":111,"date":"2010-09-21T16:25:47","date_gmt":"2010-09-21T16:25:47","guid":{"rendered":"http:\/\/ultimato.com.br\/sites\/taismachado\/?p=111"},"modified":"2010-09-23T21:24:50","modified_gmt":"2010-09-23T21:24:50","slug":"onde-e-quando-vamos-parar","status":"publish","type":"post","link":"https:\/\/ultimato.com.br\/sites\/taismachado\/2010\/09\/21\/onde-e-quando-vamos-parar\/","title":{"rendered":"Onde e quando vamos parar?"},"content":{"rendered":"<p>Assim como na m\u00fasica a pausa faz parte e o sil\u00eancio contribui para e na a composi\u00e7\u00e3o, n\u00f3s tamb\u00e9m necessitamos de pausas cotidianas, de espa\u00e7os meditativos, de tempo especial para o f\u00f4lego de nossa alma, de sil\u00eancio acolhedor e acolhido dentro de n\u00f3s. Inclusive nosso c\u00e9rebro precisa de pausas para guardar melhor as informa\u00e7\u00f5es. Se ele fica ocupado o tempo todo, sobrecarrega-se, e impede nosso aprendizado.<\/p>\n<p>Em tempos de excesso de dados digitais, informa\u00e7\u00f5es nos chegando continuamente, a tend\u00eancia \u00e9 de esgotamento. Com os olhos em monitores em boa parte do dia (celular, televis\u00e3o, computador, etc.), e por vezes, em mais de um quase ao mesmo tempo, dividindo nosso aten\u00e7\u00e3o e confundindo o armazenamento das informa\u00e7\u00f5es, sofremos com muito est\u00edmulo e pouco tempo para assimila\u00e7\u00e3o.<\/p>\n<p>Come\u00e7a-se a estudar melhor as implica\u00e7\u00f5es desse contexto nas gera\u00e7\u00f5es mais novas. Antes especialmente as mulheres eram obrigadas a encararem a din\u00e2mica multitarefas, agora, as crian\u00e7as j\u00e1 est\u00e3o se habituando a viverem assim. O estranho passa a ser quando se faz uma s\u00f3 coisa por vez. Facilmente esses podem ser rotulados de lentos, culpados por estarem perdendo muito, e, e o sentimento de inadequa\u00e7\u00e3o cresce num contexto de acelera\u00e7\u00e3o e imposi\u00e7\u00e3o de velocidades.<\/p>\n<p>O processamento de muitas informa\u00e7\u00f5es cansa, mas, o que afinal temos conseguido processar no dia-a-dia? Num mundo de novidades sempre recebemos ofertas de entretenimento e op\u00e7\u00f5es para \u201cganharmos tempo\u201d, que muitas vezes, apenas sugam mais de n\u00f3s, de nossa aten\u00e7\u00e3o quando dever\u00edamos preservar e valorizar uma saud\u00e1vel pausa.<\/p>\n<p>Um dos fundadores da empresa PlayFish, que cria jogos, diz orgulhoso que o avan\u00e7o e grande descoberta \u00e9 investir no desenvolvimento de jogos que preencham os micromomentos das pessoas. E o marketing passa por n\u00e3o \u201cdesperdi\u00e7ar ou perder seu tempo\u201d. Fuja do t\u00e9dio agora \u00e9 a arma de convencimento.<\/p>\n<p>O que \u00e9 desperdi\u00e7ar e perder tempo atualmente? E da onde vem esse t\u00e9dio do qual precisamos fugir espertamente?<\/p>\n<p>Assim sendo, o sil\u00eancio \u00e9 visto e vivido como tesouro ou como ang\u00fastia?<\/p>\n<p>Ao que parece, hoje em dia, o que vivemos \u00e9 a falta de sil\u00eancio. Nosso contexto nos favorece a acostumarmos com os barulhos. J\u00e1 nem sempre nos damos conta da polui\u00e7\u00e3o sonora que nos cerca, ali\u00e1s, n\u00f3s a promovemos muitas vezes.<\/p>\n<p>No ouvido da maioria sempre tem algo, al\u00e9m de brincos e alargadores. Pode ser um celular ou um fone de ouvido qualquer. Al\u00e9m disso, \u00e9 cada vez mais comum estar plugado o tempo todo. Voc\u00ea n\u00e3o est\u00e1 conectado? Est\u00e1 perdendo&#8230;<\/p>\n<p>Claro que precisamos acompanhar os avan\u00e7os, conhecer algumas novidades bem interessantes, saber aproveitar a tecnologia e us\u00e1-la a nosso favor. Mas, a quest\u00e3o \u00e9 qual o limite? Sabemos nos impor limites?<\/p>\n<p>Quem sente falta do sil\u00eancio? Se lembra dele? Chegou a desfrut\u00e1-lo, a conhece-lo bem?<\/p>\n<p>A Yoga e outras alternativas escolas de medita\u00e7\u00e3o tem se proposto a auxiliar as pessoas na melhora da concentra\u00e7\u00e3o, numa respira\u00e7\u00e3o mais adequada e consciente, e a aprender a silenciar-se.<\/p>\n<p>Quando lemos na B\u00edblia os relatos a respeito de Jesus Cristo vemos o quanto ele optava pelo sil\u00eancio, valorizava a solitude e priorizava momentos a s\u00f3s, em ora\u00e7\u00e3o.<\/p>\n<p>Ser um disc\u00edpulo de Jesus, ao que me parece, tem a ver com aprender a viver assim. Mas, quanto h\u00e1 ao nosso redor para nos distrair! Leonardo Boff, diz que \u201cA vida interior representa, atualmente, a dimens\u00e3o esquecida da humanidade. Importa resgat\u00e1-la, pois nela se encontra o segredo da felicidade, da responsabilidade diante de toda a vida, do cuidado para com todas as coisas. Ela significa o sagrado em n\u00f3s, que nos propicia o sentimento de dignidade, de respeito e de rever\u00eancia\u201d.<\/p>\n<p>As palavras de Jesus s\u00e3o t\u00e3o provocativas e convidativas a refletirmos mais profundamente sobre nosso estilo de vida, e mais, a atentarmos para nossa agenda oculta. Se realmente queremos compreender melhor o significado de seu ensino, necessariamente teremos que diminuir o ritmo, desacelerar e cultivar momentos a s\u00f3s, aprender ou reaprender a orar, valorizarmos o sil\u00eancio.<\/p>\n<p>Henri Nouwen, por sua vez, comenta que \u201cAssim como as palavras perdem a for\u00e7a quando n\u00e3o nascem do sil\u00eancio, a abertura perde seu significado quando n\u00e3o existe a capacidade de se fechar. [&#8230;] Muitas vezes, as ilus\u00f5es s\u00e3o mais pass\u00edveis de serem vividas que as realidades. [&#8230;] Para viver uma vida espiritual, primeiro devemos ter coragem de entrar no deserto de nosso isolamento e transform\u00e1-lo por meio de esfor\u00e7os sutis e persistentes em um jardim de solid\u00e3o\u201d. Que venham novos espa\u00e7os! Coragem!<\/p>\n<p>No Evangelho de Marcos lemos: \u201cDe madrugada, quando ainda estava escuro, Jesus levantou-se, saiu de casa e foi para um lugar deserto, onde ficou orando\u201d (Mc 1.35).<\/p>\n<p>Boas sa\u00eddas para se encontrar.<\/p>\n","protected":false},"excerpt":{"rendered":"<p>Assim como na m\u00fasica a pausa faz parte e o sil\u00eancio contribui para e na a composi\u00e7\u00e3o, n\u00f3s tamb\u00e9m necessitamos de pausas cotidianas, de espa\u00e7os meditativos, de tempo especial para o f\u00f4lego de nossa alma, de sil\u00eancio acolhedor e acolhido dentro de n\u00f3s. Inclusive nosso c\u00e9rebro precisa de pausas para guardar melhor as informa\u00e7\u00f5es. Se [&hellip;]<\/p>\n","protected":false},"author":14,"featured_media":0,"comment_status":"open","ping_status":"open","sticky":false,"template":"","format":"standard","meta":{"ngg_post_thumbnail":0,"footnotes":""},"categories":[4783],"tags":[4795,4794],"class_list":["post-111","post","type-post","status-publish","format-standard","hentry","category-espiritualidade","tag-mundo-digital","tag-silencio","count-0","even alt","author-taismachado","last"],"_links":{"self":[{"href":"https:\/\/ultimato.com.br\/sites\/taismachado\/wp-json\/wp\/v2\/posts\/111","targetHints":{"allow":["GET"]}}],"collection":[{"href":"https:\/\/ultimato.com.br\/sites\/taismachado\/wp-json\/wp\/v2\/posts"}],"about":[{"href":"https:\/\/ultimato.com.br\/sites\/taismachado\/wp-json\/wp\/v2\/types\/post"}],"author":[{"embeddable":true,"href":"https:\/\/ultimato.com.br\/sites\/taismachado\/wp-json\/wp\/v2\/users\/14"}],"replies":[{"embeddable":true,"href":"https:\/\/ultimato.com.br\/sites\/taismachado\/wp-json\/wp\/v2\/comments?post=111"}],"version-history":[{"count":4,"href":"https:\/\/ultimato.com.br\/sites\/taismachado\/wp-json\/wp\/v2\/posts\/111\/revisions"}],"predecessor-version":[{"id":121,"href":"https:\/\/ultimato.com.br\/sites\/taismachado\/wp-json\/wp\/v2\/posts\/111\/revisions\/121"}],"wp:attachment":[{"href":"https:\/\/ultimato.com.br\/sites\/taismachado\/wp-json\/wp\/v2\/media?parent=111"}],"wp:term":[{"taxonomy":"category","embeddable":true,"href":"https:\/\/ultimato.com.br\/sites\/taismachado\/wp-json\/wp\/v2\/categories?post=111"},{"taxonomy":"post_tag","embeddable":true,"href":"https:\/\/ultimato.com.br\/sites\/taismachado\/wp-json\/wp\/v2\/tags?post=111"}],"curies":[{"name":"wp","href":"https:\/\/api.w.org\/{rel}","templated":true}]}}