{"id":57,"date":"2009-06-24T09:11:50","date_gmt":"2009-06-24T12:11:50","guid":{"rendered":"http:\/\/ultimato.com.br\/blogs\/salvos_perfeicao\/?p=57"},"modified":"2009-06-24T10:33:27","modified_gmt":"2009-06-24T13:33:27","slug":"lancamento-na-editora","status":"publish","type":"post","link":"https:\/\/ultimato.com.br\/sites\/salvos_perfeicao\/2009\/06\/lancamento-na-editora\/","title":{"rendered":"Lan\u00e7amento, caf\u00e9, p\u00e3o de queijo e ora\u00e7\u00e3o"},"content":{"rendered":"<p>Assim que <strong>Salvos da Perfei&ccedil;&atilde;o<\/strong> chegou na editora, apresentamos para a equipe em nosso caf&eacute; da manh&atilde; devocional.<\/p>\n<p>Foi um momento muito precioso. Algumas perguntas e respostas, um pouco sobre o autor e a leitura de alguns trechos do livro, como esta: &quot;Grande parte da crise religiosa das pessoas est&aacute; na d&uacute;vida sobre a a&ccedil;&atilde;o de Deus. Ser&aacute; que ele vai agir quando for necess&aacute;rio? Ser&aacute; que vai me ajudar? Essa quest&atilde;o &eacute; falsa. Do que compete a Deus, a B&iacute;blia afirma a impossibilidade de ele frustrar a si mesmo (J&oacute; 42.2). A quest&atilde;o real est&aacute; sobre mim. Minha decis&atilde;o, minha atitude far&aacute; a diferen&ccedil;a no desenrolar da minha hist&oacute;ria&quot;.<\/p>\n<p>Al&eacute;m de conhecer, os colaboradores da Ultimato receberam o livro. Alguns j&aacute; conclu&iacute;ram a leitura e t&ecirc;m debatido o tema &quot;perfei&ccedil;&atilde;o&quot; nos hor&aacute;rios de caf&eacute;. Participe e deixe sua opini&atilde;o no <a target=\"_blank\" href=\"http:\/\/ultimato.com.br\/blogs\/salvos_perfeicao\/forum\/\">f&oacute;rum<\/a>!<\/p>\nngg_shortcode_0_placeholder\n","protected":false},"excerpt":{"rendered":"<p>Assim que Salvos da Perfei&ccedil;&atilde;o chegou na editora, apresentamos para a equipe em nosso caf&eacute; da manh&atilde; devocional. Foi um momento muito precioso. Algumas perguntas e respostas, um pouco sobre o autor e a leitura de alguns trechos do livro, como esta: &quot;Grande parte da crise religiosa das pessoas est&aacute; na d&uacute;vida sobre a a&ccedil;&atilde;o [&hellip;]<\/p>\n","protected":false},"author":4,"featured_media":0,"comment_status":"open","ping_status":"open","sticky":false,"template":"","format":"standard","meta":{"ngg_post_thumbnail":0,"footnotes":""},"categories":[7],"tags":[23,24,22,25],"class_list":["post-57","post","type-post","status-publish","format-standard","hentry","category-noticias","tag-editora","tag-equipe","tag-lancamento","tag-leitura"],"_links":{"self":[{"href":"https:\/\/ultimato.com.br\/sites\/salvos_perfeicao\/wp-json\/wp\/v2\/posts\/57","targetHints":{"allow":["GET"]}}],"collection":[{"href":"https:\/\/ultimato.com.br\/sites\/salvos_perfeicao\/wp-json\/wp\/v2\/posts"}],"about":[{"href":"https:\/\/ultimato.com.br\/sites\/salvos_perfeicao\/wp-json\/wp\/v2\/types\/post"}],"author":[{"embeddable":true,"href":"https:\/\/ultimato.com.br\/sites\/salvos_perfeicao\/wp-json\/wp\/v2\/users\/4"}],"replies":[{"embeddable":true,"href":"https:\/\/ultimato.com.br\/sites\/salvos_perfeicao\/wp-json\/wp\/v2\/comments?post=57"}],"version-history":[{"count":13,"href":"https:\/\/ultimato.com.br\/sites\/salvos_perfeicao\/wp-json\/wp\/v2\/posts\/57\/revisions"}],"predecessor-version":[{"id":71,"href":"https:\/\/ultimato.com.br\/sites\/salvos_perfeicao\/wp-json\/wp\/v2\/posts\/57\/revisions\/71"}],"wp:attachment":[{"href":"https:\/\/ultimato.com.br\/sites\/salvos_perfeicao\/wp-json\/wp\/v2\/media?parent=57"}],"wp:term":[{"taxonomy":"category","embeddable":true,"href":"https:\/\/ultimato.com.br\/sites\/salvos_perfeicao\/wp-json\/wp\/v2\/categories?post=57"},{"taxonomy":"post_tag","embeddable":true,"href":"https:\/\/ultimato.com.br\/sites\/salvos_perfeicao\/wp-json\/wp\/v2\/tags?post=57"}],"curies":[{"name":"wp","href":"https:\/\/api.w.org\/{rel}","templated":true}]}}