{"id":922,"date":"2010-08-26T11:36:36","date_gmt":"2010-08-26T14:36:36","guid":{"rendered":"http:\/\/ultimato.com.br\/sites\/paralelo10\/?p=922"},"modified":"2010-08-26T11:36:36","modified_gmt":"2010-08-26T14:36:36","slug":"sobre-o-encontro-renas","status":"publish","type":"post","link":"https:\/\/ultimato.com.br\/sites\/paralelo10\/2010\/08\/sobre-o-encontro-renas\/","title":{"rendered":"Sobre o Encontro RENAS"},"content":{"rendered":"<p><a href=\"http:\/\/ultimato.com.br\/sites\/paralelo10\/files\/2010\/08\/renas3-1.jpg\" class=\"lightview\" data-lightview-group=\"group-922\" data-lightview-options=\"skin: 'dark', controls: 'relative', padding: '10', shadow: { color: '#000000', opacity: 0.08, blur: 3 }\" data-lightview-title=\"renas3-1\"><img loading=\"lazy\" decoding=\"async\" class=\"alignright size-full wp-image-924\" style=\"margin: 10px;\" title=\"renas3-1\" src=\"http:\/\/ultimato.com.br\/sites\/paralelo10\/files\/2010\/08\/renas3-1.jpg\" alt=\"\" width=\"288\" height=\"235\" srcset=\"https:\/\/ultimato.com.br\/sites\/paralelo10\/files\/2010\/08\/renas3-1.jpg 320w, https:\/\/ultimato.com.br\/sites\/paralelo10\/files\/2010\/08\/renas3-1-300x244.jpg 300w\" sizes=\"auto, (max-width: 288px) 100vw, 288px\" \/><\/a><\/p>\n<p>Zeni Bessa, natural de Manaus, Amazonas, \u00e9 uma das bolsistas do Paralelo 10 no <a href=\"http:\/\/www.cem.org.br\">CEM<\/a>. Ela foi uma das participantes do V Encontro <a href=\"http:\/\/www.renas.org.br\" target=\"_blank\">RENAS<\/a> dos dias 12 a 14 de agosto. Abaixo um trecho de suas impress\u00f5es sobre o encontro:<\/p>\n<p>&#8220;A participa\u00e7\u00e3o no V Encontro Renas foi um momento muito oportuno reencontrar e encontrar. Reencontrar amigos que j\u00e1 est\u00e3o na caminhada das pr\u00e1ticas da miss\u00e3o integral e para encontrar e fazer novos amigos dipostos a somar for\u00e7as para assim expandirmos o Reino de Deus na Terra. O tema &#8220;Transformando a sociedade a partir da igreja local&#8221; foi muito bem abordado e prop\u00edcio para uma reflex\u00e3o clara e profunda sobre nosso dever de sermos sal fora do saleiro.&#8221;<\/p>\n<p>* Na foto: Zeni e Bebeto (amigo do Paralelo 10) no estande da Editora Ultimato.<\/p>\n","protected":false},"excerpt":{"rendered":"<p>Zeni Bessa, natural de Manaus, Amazonas, \u00e9 uma das bolsistas do Paralelo 10 no CEM. Ela foi uma das participantes do V Encontro RENAS dos dias 12 a 14 de agosto. Abaixo um trecho de suas impress\u00f5es sobre o encontro: &#8220;A participa\u00e7\u00e3o no V Encontro Renas foi um momento muito oportuno reencontrar e encontrar. Reencontrar [&hellip;]<\/p>\n","protected":false},"author":2,"featured_media":0,"comment_status":"open","ping_status":"open","sticky":false,"template":"","format":"standard","meta":{"ngg_post_thumbnail":0,"footnotes":""},"categories":[95],"tags":[],"class_list":["post-922","post","type-post","status-publish","format-standard","hentry","category-testemunhos"],"_links":{"self":[{"href":"https:\/\/ultimato.com.br\/sites\/paralelo10\/wp-json\/wp\/v2\/posts\/922","targetHints":{"allow":["GET"]}}],"collection":[{"href":"https:\/\/ultimato.com.br\/sites\/paralelo10\/wp-json\/wp\/v2\/posts"}],"about":[{"href":"https:\/\/ultimato.com.br\/sites\/paralelo10\/wp-json\/wp\/v2\/types\/post"}],"author":[{"embeddable":true,"href":"https:\/\/ultimato.com.br\/sites\/paralelo10\/wp-json\/wp\/v2\/users\/2"}],"replies":[{"embeddable":true,"href":"https:\/\/ultimato.com.br\/sites\/paralelo10\/wp-json\/wp\/v2\/comments?post=922"}],"version-history":[{"count":2,"href":"https:\/\/ultimato.com.br\/sites\/paralelo10\/wp-json\/wp\/v2\/posts\/922\/revisions"}],"predecessor-version":[{"id":926,"href":"https:\/\/ultimato.com.br\/sites\/paralelo10\/wp-json\/wp\/v2\/posts\/922\/revisions\/926"}],"wp:attachment":[{"href":"https:\/\/ultimato.com.br\/sites\/paralelo10\/wp-json\/wp\/v2\/media?parent=922"}],"wp:term":[{"taxonomy":"category","embeddable":true,"href":"https:\/\/ultimato.com.br\/sites\/paralelo10\/wp-json\/wp\/v2\/categories?post=922"},{"taxonomy":"post_tag","embeddable":true,"href":"https:\/\/ultimato.com.br\/sites\/paralelo10\/wp-json\/wp\/v2\/tags?post=922"}],"curies":[{"name":"wp","href":"https:\/\/api.w.org\/{rel}","templated":true}]}}