{"id":898,"date":"2010-08-23T08:48:39","date_gmt":"2010-08-23T11:48:39","guid":{"rendered":"http:\/\/ultimato.com.br\/sites\/paralelo10\/?p=898"},"modified":"2010-08-23T08:56:32","modified_gmt":"2010-08-23T11:56:32","slug":"convite","status":"publish","type":"post","link":"https:\/\/ultimato.com.br\/sites\/paralelo10\/2010\/08\/convite\/","title":{"rendered":"Convite: P\u00f3s-encontro RENAS Pernambuco"},"content":{"rendered":"<h2 style=\"text-align: center;\"><strong>A Rede Evang\u00e9lica Nacional de A\u00e7\u00e3o Social em Pernambuco convida a todos para P\u00d3S-ENCONTRO que acontecer\u00e1 em Recife, PE.<\/strong><\/h2>\n<p style=\"text-align: center;\"><strong><a href=\"http:\/\/ultimato.com.br\/sites\/paralelo10\/files\/2010\/08\/renas_img.jpg\" class=\"lightview\" data-lightview-group=\"group-898\" data-lightview-options=\"skin: 'dark', controls: 'relative', padding: '10', shadow: { color: '#000000', opacity: 0.08, blur: 3 }\" data-lightview-title=\"renas_img\"><img loading=\"lazy\" decoding=\"async\" class=\"size-full wp-image-900  aligncenter\" style=\"margin-top: 10px; margin-bottom: 10px;\" title=\"renas_img\" src=\"http:\/\/ultimato.com.br\/sites\/paralelo10\/files\/2010\/08\/renas_img.jpg\" alt=\"\" width=\"288\" height=\"219\" srcset=\"https:\/\/ultimato.com.br\/sites\/paralelo10\/files\/2010\/08\/renas_img.jpg 320w, https:\/\/ultimato.com.br\/sites\/paralelo10\/files\/2010\/08\/renas_img-300x227.jpg 300w\" sizes=\"auto, (max-width: 288px) 100vw, 288px\" \/><\/a><\/strong><\/p>\n<p><!--more--><\/p>\n<p>Programa\u00e7\u00e3o:<\/p>\n<p><strong>Data<\/strong>: 28\/08<\/p>\n<p>* 15h00 &#8211; Encontro com o grupo gestor, organiza\u00e7\u00f5es e pastores.<\/p>\n<p>* 19h00 &#8211; Encontro com todos os que participaram do Encontro Nacional e demais interessados.<\/p>\n<p><strong>Local:<\/strong> Seminario de Educa\u00e7\u00e3o Crist\u00e3 (SEC) &#8211; Rua Padre Ingl\u00eas, 143, Boa Vista, Recife- PE.<\/p>\n<p style=\"text-align: center;\">\n<p style=\"text-align: center;\"><strong>N\u00e3o deixe de participar!<\/strong><\/p>\n<p>Informa\u00e7\u00f5es:\u00a0Pr Eraldo Lima (limaeraldo@hotmail.com)<\/p>\n","protected":false},"excerpt":{"rendered":"<p>A Rede Evang\u00e9lica Nacional de A\u00e7\u00e3o Social em Pernambuco convida a todos para P\u00d3S-ENCONTRO que acontecer\u00e1 em Recife, PE.<\/p>\n","protected":false},"author":2,"featured_media":0,"comment_status":"open","ping_status":"open","sticky":false,"template":"","format":"standard","meta":{"ngg_post_thumbnail":0,"footnotes":""},"categories":[1],"tags":[26,57,139,71],"class_list":["post-898","post","type-post","status-publish","format-standard","hentry","category-uncategorized","tag-missao-integral","tag-pernambuco","tag-recife","tag-renas"],"_links":{"self":[{"href":"https:\/\/ultimato.com.br\/sites\/paralelo10\/wp-json\/wp\/v2\/posts\/898","targetHints":{"allow":["GET"]}}],"collection":[{"href":"https:\/\/ultimato.com.br\/sites\/paralelo10\/wp-json\/wp\/v2\/posts"}],"about":[{"href":"https:\/\/ultimato.com.br\/sites\/paralelo10\/wp-json\/wp\/v2\/types\/post"}],"author":[{"embeddable":true,"href":"https:\/\/ultimato.com.br\/sites\/paralelo10\/wp-json\/wp\/v2\/users\/2"}],"replies":[{"embeddable":true,"href":"https:\/\/ultimato.com.br\/sites\/paralelo10\/wp-json\/wp\/v2\/comments?post=898"}],"version-history":[{"count":7,"href":"https:\/\/ultimato.com.br\/sites\/paralelo10\/wp-json\/wp\/v2\/posts\/898\/revisions"}],"predecessor-version":[{"id":903,"href":"https:\/\/ultimato.com.br\/sites\/paralelo10\/wp-json\/wp\/v2\/posts\/898\/revisions\/903"}],"wp:attachment":[{"href":"https:\/\/ultimato.com.br\/sites\/paralelo10\/wp-json\/wp\/v2\/media?parent=898"}],"wp:term":[{"taxonomy":"category","embeddable":true,"href":"https:\/\/ultimato.com.br\/sites\/paralelo10\/wp-json\/wp\/v2\/categories?post=898"},{"taxonomy":"post_tag","embeddable":true,"href":"https:\/\/ultimato.com.br\/sites\/paralelo10\/wp-json\/wp\/v2\/tags?post=898"}],"curies":[{"name":"wp","href":"https:\/\/api.w.org\/{rel}","templated":true}]}}